{"id":8667,"date":"2026-04-28T09:00:09","date_gmt":"2026-04-28T07:00:09","guid":{"rendered":"https:\/\/www.flyeralarm.com\/blog\/?p=8667"},"modified":"2026-04-28T09:02:32","modified_gmt":"2026-04-28T07:02:32","slug":"flyeralarm-design-award","status":"publish","type":"post","link":"https:\/\/www.flyeralarm.com\/blog\/de\/flyeralarm-design-award\/","title":{"rendered":"FLYERALARM Design Award 2026: Jetzt mitmachen!"},"content":{"rendered":"[vc_row type=&#8220;in_container&#8220; full_screen_row_position=&#8220;middle&#8220; column_margin=&#8220;default&#8220; column_direction=&#8220;default&#8220; column_direction_tablet=&#8220;default&#8220; column_direction_phone=&#8220;default&#8220; scene_position=&#8220;center&#8220; text_color=&#8220;dark&#8220; text_align=&#8220;left&#8220; row_border_radius=&#8220;none&#8220; row_border_radius_applies=&#8220;bg&#8220; overflow=&#8220;visible&#8220; overlay_strength=&#8220;0.3&#8243; gradient_direction=&#8220;left_to_right&#8220; shape_divider_position=&#8220;bottom&#8220; bg_image_animation=&#8220;none&#8220;][vc_column column_padding=&#8220;no-extra-padding&#8220; column_padding_tablet=&#8220;inherit&#8220; column_padding_phone=&#8220;inherit&#8220; column_padding_position=&#8220;all&#8220; column_element_direction_desktop=&#8220;default&#8220; column_element_spacing=&#8220;default&#8220; desktop_text_alignment=&#8220;right&#8220; tablet_text_alignment=&#8220;default&#8220; phone_text_alignment=&#8220;default&#8220; background_color_opacity=&#8220;1&#8243; background_hover_color_opacity=&#8220;1&#8243; column_backdrop_filter=&#8220;none&#8220; column_shadow=&#8220;none&#8220; column_border_radius=&#8220;none&#8220; column_link_target=&#8220;_self&#8220; column_position=&#8220;default&#8220; gradient_direction=&#8220;left_to_right&#8220; overlay_strength=&#8220;0.3&#8243; width=&#8220;1\/1&#8243; tablet_width_inherit=&#8220;default&#8220; animation_type=&#8220;default&#8220; bg_image_animation=&#8220;none&#8220; border_type=&#8220;simple&#8220; column_border_width=&#8220;none&#8220; column_border_style=&#8220;solid&#8220; column_padding_type=&#8220;default&#8220; gradient_type=&#8220;default&#8220;][nectar_btn size=&#8220;large&#8220; open_new_tab=&#8220;true&#8220; button_style=&#8220;regular&#8220; button_color_2=&#8220;Accent-Color&#8220; icon_family=&#8220;none&#8220; text=&#8220;Zum FLYERALARM Design Award 2026&#8243; url=&#8220;https:\/\/www.flyeralarm-design-award.com\/&#8220;][\/vc_column][\/vc_row][vc_row type=&#8220;in_container&#8220; full_screen_row_position=&#8220;middle&#8220; column_margin=&#8220;default&#8220; column_direction=&#8220;default&#8220; column_direction_tablet=&#8220;default&#8220; column_direction_phone=&#8220;default&#8220; scene_position=&#8220;center&#8220; text_color=&#8220;dark&#8220; text_align=&#8220;left&#8220; row_border_radius=&#8220;none&#8220; row_border_radius_applies=&#8220;bg&#8220; overflow=&#8220;visible&#8220; overlay_strength=&#8220;0.3&#8243; gradient_direction=&#8220;left_to_right&#8220; shape_divider_position=&#8220;bottom&#8220; bg_image_animation=&#8220;none&#8220;][vc_column column_padding=&#8220;no-extra-padding&#8220; column_padding_tablet=&#8220;inherit&#8220; column_padding_phone=&#8220;inherit&#8220; column_padding_position=&#8220;all&#8220; column_element_direction_desktop=&#8220;default&#8220; column_element_spacing=&#8220;default&#8220; desktop_text_alignment=&#8220;default&#8220; tablet_text_alignment=&#8220;default&#8220; phone_text_alignment=&#8220;default&#8220; background_color_opacity=&#8220;1&#8243; background_hover_color_opacity=&#8220;1&#8243; column_backdrop_filter=&#8220;none&#8220; column_shadow=&#8220;none&#8220; column_border_radius=&#8220;none&#8220; column_link_target=&#8220;_self&#8220; column_position=&#8220;default&#8220; gradient_direction=&#8220;left_to_right&#8220; overlay_strength=&#8220;0.3&#8243; width=&#8220;1\/1&#8243; tablet_width_inherit=&#8220;default&#8220; animation_type=&#8220;default&#8220; bg_image_animation=&#8220;none&#8220; border_type=&#8220;simple&#8220; column_border_width=&#8220;none&#8220; column_border_style=&#8220;solid&#8220;]<div class=\"iwithtext\"><div class=\"iwt-icon\"> <i class=\"icon-default-style fa fa-th-list accent-color\"><\/i> <\/div><div class=\"iwt-text\"> <strong><span style=\"font-size: 14pt\">Inhalt<\/span><\/strong> <\/div><div class=\"clear\"><\/div><\/div>[vc_column_text]<a href=\"#podcast\">Podcast-Interview mit Design Award Organisator Nils<\/a><br \/>\n<a href=\"#award\">Was ist der FLYERALARM Design Award?<\/a><br \/>\n<a href=\"#ngos\">Diese Organisationen werden 2026 unterst\u00fctzt<\/a>[\/vc_column_text][\/vc_column][\/vc_row][vc_row type=&#8220;in_container&#8220; full_screen_row_position=&#8220;middle&#8220; column_margin=&#8220;default&#8220; column_direction=&#8220;default&#8220; column_direction_tablet=&#8220;default&#8220; column_direction_phone=&#8220;default&#8220; scene_position=&#8220;center&#8220; text_color=&#8220;dark&#8220; text_align=&#8220;left&#8220; row_border_radius=&#8220;none&#8220; row_border_radius_applies=&#8220;bg&#8220; overflow=&#8220;visible&#8220; overlay_strength=&#8220;0.3&#8243; gradient_direction=&#8220;left_to_right&#8220; shape_divider_position=&#8220;bottom&#8220; bg_image_animation=&#8220;none&#8220;][vc_column column_padding=&#8220;no-extra-padding&#8220; column_padding_tablet=&#8220;inherit&#8220; column_padding_phone=&#8220;inherit&#8220; column_padding_position=&#8220;all&#8220; column_element_direction_desktop=&#8220;default&#8220; column_element_spacing=&#8220;default&#8220; desktop_text_alignment=&#8220;default&#8220; tablet_text_alignment=&#8220;default&#8220; phone_text_alignment=&#8220;default&#8220; background_color_opacity=&#8220;1&#8243; background_hover_color_opacity=&#8220;1&#8243; column_backdrop_filter=&#8220;none&#8220; column_shadow=&#8220;none&#8220; column_border_radius=&#8220;none&#8220; column_link_target=&#8220;_self&#8220; column_position=&#8220;default&#8220; gradient_direction=&#8220;left_to_right&#8220; overlay_strength=&#8220;0.3&#8243; width=&#8220;1\/1&#8243; tablet_width_inherit=&#8220;default&#8220; animation_type=&#8220;default&#8220; bg_image_animation=&#8220;none&#8220; border_type=&#8220;simple&#8220; column_border_width=&#8220;none&#8220; column_border_style=&#8220;solid&#8220;][vc_column_text]\n<h2 id=\"podcast\">Podcast-Interview mit Design Award Organisator Nils von FLYERALARM<\/h2>\n[\/vc_column_text][\/vc_column][\/vc_row][vc_row type=&#8220;in_container&#8220; full_screen_row_position=&#8220;middle&#8220; column_margin=&#8220;default&#8220; column_direction=&#8220;default&#8220; column_direction_tablet=&#8220;default&#8220; column_direction_phone=&#8220;default&#8220; scene_position=&#8220;center&#8220; text_color=&#8220;dark&#8220; text_align=&#8220;left&#8220; row_border_radius=&#8220;none&#8220; row_border_radius_applies=&#8220;bg&#8220; overflow=&#8220;visible&#8220; overlay_strength=&#8220;0.3&#8243; gradient_direction=&#8220;left_to_right&#8220; shape_divider_position=&#8220;bottom&#8220; bg_image_animation=&#8220;none&#8220;][vc_column column_padding=&#8220;no-extra-padding&#8220; column_padding_tablet=&#8220;inherit&#8220; column_padding_phone=&#8220;inherit&#8220; column_padding_position=&#8220;all&#8220; column_element_direction_desktop=&#8220;default&#8220; column_element_spacing=&#8220;default&#8220; desktop_text_alignment=&#8220;default&#8220; tablet_text_alignment=&#8220;default&#8220; phone_text_alignment=&#8220;default&#8220; background_color_opacity=&#8220;1&#8243; background_hover_color_opacity=&#8220;1&#8243; column_backdrop_filter=&#8220;none&#8220; column_shadow=&#8220;none&#8220; column_border_radius=&#8220;none&#8220; column_link_target=&#8220;_self&#8220; column_position=&#8220;default&#8220; gradient_direction=&#8220;left_to_right&#8220; overlay_strength=&#8220;0.3&#8243; width=&#8220;1\/1&#8243; tablet_width_inherit=&#8220;default&#8220; animation_type=&#8220;default&#8220; bg_image_animation=&#8220;none&#8220; border_type=&#8220;simple&#8220; column_border_width=&#8220;none&#8220; column_border_style=&#8220;solid&#8220;][tabbed_section style=&#8220;default&#8220; tab_change_animation=&#8220;fade&#8220; alignment=&#8220;left&#8220; spacing=&#8220;default&#8220; tab_color=&#8220;Accent-Color&#8220; vs_content_animation=&#8220;fade&#8220; vs_link_animation=&#8220;opacity&#8220; vs_navigation_alignment=&#8220;left&#8220; vs_navigation_width_2=&#8220;25%&#8220; vs_navigation_func=&#8220;default&#8220; vs_navigation_width=&#8220;regular&#8220; vs_navigation_spacing=&#8220;15px&#8220; vs_navigation_mobile_display=&#8220;visible&#8220; vs_tab_spacing=&#8220;5%&#8220;][tab icon_family=&#8220;none&#8220; title=&#8220;Podcast-Folge direkt anh\u00f6ren&#8220; id=&#8220;1777359709470-7&#8243; tab_id=&#8220;1777359709470-4&#8243;][vc_raw_js]JTNDc2NyaXB0JTIwY2xhc3MlM0QlMjJwb2RpZ2VlLXBvZGNhc3QtcGxheWVyJTIyJTIwc3JjJTNEJTIyaHR0cHMlM0ElMkYlMkZwbGF5ZXIucG9kaWdlZS1jZG4ubmV0JTJGcG9kY2FzdC1wbGF5ZXIlMkZqYXZhc2NyaXB0cyUyRnBvZGlnZWUtcG9kY2FzdC1wbGF5ZXIuanMlMjIlMjBkYXRhLWNvbmZpZ3VyYXRpb24lM0QlMjJodHRwcyUzQSUyRiUyRmVyZm9sZ3NkcnVja3BvZGNhc3QucG9kaWdlZS5pbyUyRjQ3LWZseWVyYWxhcm0tZGVzaWduLWF3YXJkJTJGZW1iZWQlM0Zjb250ZXh0JTNEZXh0ZXJuYWwlMjIlM0UlM0MlMkZzY3JpcHQlM0U=[\/vc_raw_js][\/tab][tab icon_family=&#8220;none&#8220; title=&#8220;Transkript&#8220; id=&#8220;1777359709498-6&#8243; tab_id=&#8220;1777359709499-3&#8243;][vc_column_text]<a href=\"#kapitel1\">Kapitel 1: Intro zum FLYERALARM Design Award <\/a><br \/>\n<a href=\"#kapitel2\">Kapitel 2: Erfolgsdruck bei der Organisation<\/a><br \/>\n<a href=\"#kapitel3\">Kapitel 3: Was ist der FLYERALARM Design Award?<\/a><br \/>\n<a href=\"#kapitel4\">Kapitel 4: Teilnahme, Motive und Gewinnchancen<\/a><br \/>\n<a href=\"#kapitel5\">Kapitel 5: Auswahl der unterst\u00fctzten Organisationen<\/a><br \/>\n<a href=\"#kapitel6\">Kapitel 6: Warum FLYERALARM den Design Award veranstaltet<\/a><br \/>\n<a href=\"#kapitel7\">Kapitel 7: Tipps f\u00fcr Kreative, Grafikerinnen und Grafiker<\/a>[\/vc_column_text][vc_column_text]\n<h3 id=\"kapitel1\">Kapitel 1: Intro zum FLYERALARM Design Award<\/h3>\n<p>Marco<br \/>\nHallo und herzlich willkommen bei Erfolgsdruck, dem FLYERALARM Podcast. Ich bin Marco und das hier ist ein Shorty \u00fcber den FLYERALARM Design Award. Was das ist und warum ihr teilnehmen solltet, das erkl\u00e4rt uns jetzt der Organisator Nils.<\/p>\n<p>Hi Nils, sch\u00f6n, dass du dir die Zeit genommen hast.<\/p>\n<p>Nils<br \/>\nJa, servus, hallo und hello again.<\/p>\n<p>Marco<br \/>\nGenau. Wir haben ja schon mal \u00fcber den FLYERALARM Design Award gesprochen, vor ziemlich genau einem Jahr. Trotzdem, die Frage bleibt die gleiche. Wann ist denn der Erfolgsdruck beim Organisieren des Design Awards f\u00fcr dich am gr\u00f6\u00dften?[\/vc_column_text][vc_column_text]\n<h3 id=\"kapitel2\">Kapitel 2: Erfolgsdruck bei der Organisation<\/h3>\n<p>Nils<br \/>\nAlso der Erfolgsdruck beim Organisieren des FLYERALARM Design Awards ist tats\u00e4chlich am gr\u00f6\u00dften momentan, wenn ich bestimmte Organisationen, die wir beg\u00fcnstigen wollen, im Auge habe, wir die alle ganz cool finden und wir hoffen, dass sie sagen: Ja, sie sind dabei. Denn, was haben wir schon erlebt? Es gibt tats\u00e4chlich Organisationen, denen wir etwas Gutes tun wollen, die sagen: N\u00f6, da wollen wir \u00fcberhaupt nicht mitmachen.<\/p>\n<p>Und das ist f\u00fcr uns immer so ein bisschen so ein Wow-Effekt, so ein Moment, wo wir sagen: Wie kann das sein? Aber jeder kann nat\u00fcrlich entscheiden, was er machen m\u00f6chte. Und ich kann nur sagen, in diesem Jahr hat es sehr gut geklappt.[\/vc_column_text][vc_column_text]\n<h3 id=\"kapitel3\">Kapitel 3: Was ist der FLYERALARM Design Award?<\/h3>\n<p>Marco<br \/>\nAlso den Design Award, den gibt es ja schon ewig. Wenn man jetzt aber als Kreativer oder Kreative trotzdem noch nie davon geh\u00f6rt haben sollte: Wie w\u00fcrdest du den Award so ganz kurz und knapp erkl\u00e4ren?<\/p>\n<p>Nils<br \/>\nAlso der FLYERALARM Design Award, das ist eine Veranstaltung f\u00fcr die Kreativbranche, bei der es wirklich nur Gewinner gibt. Das sieht dann so aus: Wir sagen: Hey Kreative, hey Werbeagenturen, hey Designer, hey One-Man-Shows aus der Marketing- und Kreativbranche, gestaltet doch ein Plakat \/ Anzeige und ein dazu passendes Social-Media-Motiv f\u00fcr von uns vorgeschlagene und vorgegebene gemeinn\u00fctzige Organisationen oder NGOs.<\/p>\n<p>Das sind in diesem Jahr beispielsweise Sea Shepherd in der Kategorie Tiere. Sie setzen sich ein f\u00fcr den Schutz der Meerestiere. Oder die Gr\u00fcne Liga in der Rubrik Umwelt.<\/p>\n<p>Oder aber auch die Lebenshilfe in der Kategorie Menschen, um nat\u00fcrlich jetzt mal erst nur drei Kategorien zu nennen. Und dann gibt es auf der Webseite eben ganz konkrete Anforderungen, wie die Motive auszusehen haben. Und wenn diese ganzen Motive dann gestaltet und hochgeladen sind, dann kommt eine Fachjury, schaut sich das Ganze an und dann ist es so: Die Siegermotive, die d\u00fcrfen die Organisationen kostenfrei f\u00fcr ihre Marketingaktionen nutzen.<\/p>\n<p>Und die Sieger oder Siegerinnen, die das eben gestaltet haben, die kriegen einen sch\u00f6nen Geldpreis. Und somit gibt es eigentlich nur Gewinner. Und der Oberclou in diesem Jahr ist: Wir haben erstmals keine vorgeschriebene Teilnahmegeb\u00fchr, sondern eine freiwillige.<\/p>\n<p>Das hei\u00dft, diese ganzen Betr\u00e4ge, die wir dann noch aus der freiwilligen Teilnahmegeb\u00fchr sozusagen als Spende einsammeln, die kriegen dann die jeweiligen Organisationen noch obendrauf. Also nur Gewinner, kein Haken.[\/vc_column_text][vc_column_text]\n<h3 id=\"kapitel4\">Kapitel 4: Teilnahme, Motive und Gewinnchancen<\/h3>\n<p>Marco<br \/>\nNice. Also wenn ich jetzt sage, Sea Shepherd oder Lebenshilfe ist eh mein Ding. Ich wollte sowieso mal wieder was spenden oder so.<\/p>\n<p>Kann man ja trotzdem machen oder ein Design einreichen. Vielleicht kassiert man ja sogar noch was ab.<\/p>\n<p>Nils<br \/>\nJa, na klar. Und vor allem: Du kannst sagen: Hey, ich m\u00f6chte ein Motiv machen f\u00fcr Sea Shepherd oder zwei oder drei. Ich kann so viel nacheinander hochladen pro Kategorie, wie ich m\u00f6chte.<\/p>\n<p>Ich kann alle Organisationen mit einem Motiv oder mehreren ausstatten sozusagen in der Hoffnung, dass ich irgendwie unter die ersten drei komme. So erh\u00f6he ich meine Chancen. Also wir haben da gar kein Teilnahmelimit gesetzt.<\/p>\n<p>Marco<br \/>\nAh, okay. Flei\u00df wird belohnt. Nat\u00fcrlich.[\/vc_column_text][vc_column_text]\n<h3 id=\"kapitel5\">Kapitel 5: Auswahl der unterst\u00fctzten Organisationen<\/h3>\n<p>Marco<br \/>\nMal eine ganz andere Frage: Wie w\u00e4hlt ihr eigentlich die Stiftungen oder die Organisationen aus, die da unterst\u00fctzt werden beim Design Award?<\/p>\n<p>Nils<br \/>\nAlso wir haben ja unsere Kategorien Menschen, Tiere, Umwelt, Gesundheit, Bildung und so weiter. Das ist alles auf der Webseite zu sehen. flyeralarm-design-award.com.<\/p>\n<p>Wird auch in den Shownotes verlinkt. Und unser Gremium schaut eben jedes Jahr neu: Mensch, welche Organisationen passen denn grunds\u00e4tzlich in die Kategorien? Welche sind besonders unterst\u00fctzenswert aus unserer Sicht?<\/p>\n<p>Welche sind m\u00f6glicherweise bekannt oder unbekannt auch? Wir checken nat\u00fcrlich: Passt das alles? Ist das alles seri\u00f6s?<\/p>\n<p>Und kommen denn auch die Zuwendungen, die die Organisationen erhalten, kommen die auch wirklich dann an in den Projekten und so weiter? Das kannst du ja alles checken. Und wenn wir dann sagen, zum Beispiel wie jetzt in diesem Jahr Lebenshilfe, die sich f\u00fcr Menschen mit Behinderung vornehmlich einsetzen.<\/p>\n<p>Ist ja bundesweit total bekannt mit Heimen, mit Betreuungseinrichtungen, mit Werkst\u00e4tten. Also ganz toll. Dann fragen wir an und sagen: Hey, Lebenshilfe, habt ihr Lust, dass wir euch ein bisschen unterst\u00fctzen und vor allem viel, viel PR f\u00fcr euch machen, Marketing f\u00fcr euch machen?<\/p>\n<p>Und da sagen meistens die Organisationen: Danke, sind wir gern dabei.[\/vc_column_text][vc_column_text]\n<h3 id=\"kapitel6\">Kapitel 6: Warum FLYERALARM den Design Award veranstaltet<\/h3>\n<p>Marco<br \/>\nJa, das kann man sich vorstellen. Aber also warum machen wir das eigentlich als FLYERALARM?<\/p>\n<p>Nils<br \/>\nFLYERALARM hat sich entschieden, das zu machen, um auch mal was zur\u00fcckzugeben. Wir sind ja kein Unbekannter in der Kreativ-, Marketing- und Druckbranche in Europa. Sind da sehr, sehr erfolgreich, sind da f\u00fchrend unterwegs in unserer Branche.<\/p>\n<p>Und dann haben wir irgendwann gesagt: Also das ist ja alles super. Und wir sind ja f\u00fcrchterlich dankbar aufgrund dieser Situation. Aber was k\u00f6nnen wir denn machen, um so ein bisschen charitym\u00e4\u00dfig, wo ich dieses Wort so ein bisschen abgenudelt finde, aber was k\u00f6nnen wir denn machen, um was zur\u00fcckzugeben?<\/p>\n<p>Und dann ist unser CEO und Gr\u00fcnder Thorsten Fischer auf die Idee gekommen: Mensch, lasst uns doch einen FLYERALARM Design Award ins Leben rufen. Und so ging das los.[\/vc_column_text][vc_column_text]\n<h3 id=\"kapitel7\">Kapitel 7: Tipps f\u00fcr Kreative, Grafikerinnen und Grafiker<\/h3>\n<p>Marco<br \/>\nHast du noch so einen abschlie\u00dfenden Tipp f\u00fcr kreative Leute, Grafikerinnen, Grafiker, die jetzt mitmachen m\u00f6chten, aber denen vielleicht noch so ein bisschen der Punch fehlt oder irgendwie so ein bisschen die z\u00fcndende Idee? Was geht denn so beim FLYERALARM Award?<\/p>\n<p>Nils<br \/>\nJa, also was nat\u00fcrlich absolut daf\u00fcr spricht, ist, dass vor allem Newcomer, j\u00fcngere M\u00e4dchen, j\u00fcngere Jungs, die in der Branche vielleicht noch gar nicht so superewig lange dabei sind, dass die nat\u00fcrlich durch eine Teilnahme und einen m\u00f6glichen Gewinn einer Platzierung das nat\u00fcrlich ganz toll in ihren Lebenslauf schreiben k\u00f6nnen. Also wir sind ja jetzt keine Unbekannten. Und auch die Orgas, f\u00fcr die wir gestalten, das sind alles keine Unbekannten.<\/p>\n<p>Und wenn ich da eine Platzierung, eine sch\u00f6ne Gestaltung eingereicht habe, die pr\u00e4miert wurde, dann ist das wirklich ernst zu nehmen. Insofern ist das eine sch\u00f6ne Hobbyarbeit, die man in der Agentur machen kann, die man aber auch privat machen kann und dann eben hochspielen kann. Und nochmal: Das ist offiziell ohne Teilnahmegeb\u00fchr.<\/p>\n<p>Das hei\u00dft, ich kann da, wenn ich wirklich einen Lauf habe, eine kleine Kampagne auch mit mehreren Motiven hintereinander einreichen und so mein K\u00f6nnen zeigen.<\/p>\n<p>Marco<br \/>\nStark. Mega. Nils, vielen Dank f\u00fcr das Gespr\u00e4ch.<\/p>\n<p>Wer jetzt keine Lust drauf hat, mitzumachen, dem k\u00f6nnen ja auch ihr helfen.<\/p>\n<p>Nils<br \/>\nDas sehe ich genauso. Also dann ist alles zu sp\u00e4t.<\/p>\n<p>Marco<br \/>\nVielen Dank. Mach\u2019s gut. Bis bald.<\/p>\n<p>Ich hoffe, das Shorty hat euch gefallen und ihr habt jetzt so richtig Lust, am FLYERALARM Design Award teilzunehmen. Wenn euch dieser Podcast gef\u00e4llt, dann abonniert ihn einfach \u00fcber den Streamingdienst eurer Wahl und folgt uns auf Social Media. Ich sage jetzt erstmal Tsch\u00fcss und bis bald.[\/vc_column_text][\/tab][\/tabbed_section][nectar_btn size=&#8220;large&#8220; open_new_tab=&#8220;true&#8220; button_style=&#8220;regular&#8220; button_color_2=&#8220;Accent-Color&#8220; icon_family=&#8220;none&#8220; text=&#8220;Ganze Episode auch bei YouTube \u25ba&#8220; url=&#8220;https:\/\/www.youtube.com\/watch?v=pPho_PaJ5Gw&#8220;][vc_column_text]\n<h3>Shownotes<\/h3>\n<p>Der Kreativit\u00e4t freien Lauf lassen, die Chance auf attraktive Gewinne sichern und dabei noch etwas Gutes bewirken \u2013 all das bietet der FLYERALARM Design Award. In dieser Podcast-Folge interviewt Marco unseren Kollegen Nils, der mit seinem Team den FLYERALARM Design Award organisiert und veranstaltet.<\/p>\n<p>Beim FLYERALARM Design Award k\u00f6nnen alle Kreativen teilnehmen, egal ob gestandene Agentur, Selbstst\u00e4ndige\/r, Studierende oder Auszubildende. Einfach f\u00fcr eine der vier gemeinn\u00fctzigen Organisationen entscheiden, Motiv gestalten, teilnehmen und flei\u00dfig im eigenen Bekanntenkreis um Stimmen werben \u2013 denn neben einer hochkar\u00e4tig besetzten Fachjury wird es auch ein Publikums Voting geben.<\/p>\n<p>H\u00f6re jetzt in die Folge rein und erfahre:<\/p>\n<ul>\n<li>wie du beim FLYERALARM Design Award teilnimmst<\/li>\n<li>mehr \u00fcber die unterst\u00fctzten NGOs<\/li>\n<li>warum FLYERALARM den Award 2010 ins Leben gerufen hat<\/li>\n<li>was es neben den Geldpreisen noch zu gewinnen gibt<\/li>\n<\/ul>\n<p>Viel Spa\u00df!<\/p>\n<p>Zum FLYERALARM Design Award anmelden: <a href=\"https:\/\/www.flyeralarm-design-award.com\/\" target=\"_blank\" rel=\"noopener\">https:\/\/www.flyeralarm-design-award.com\/<\/a><br \/>\nHinterlass uns gerne einen Kommentar zum Post dieser Folge.<\/p>\n<p>FLYERALARM bei Instagram: <a href=\"https:\/\/www.instagram.com\/flyeralarm.official\" target=\"_blank\" rel=\"noopener\">https:\/\/www.instagram.com\/flyeralarm.official<\/a><br \/>\nFLYERALARM bei Facebook: <a href=\"https:\/\/www.facebook.com\/Flyeralarm.Deutschland\" target=\"_blank\" rel=\"noopener\">https:\/\/www.facebook.com\/Flyeralarm.Deutschland<\/a><br \/>\nFLYERALARM bei LinkedIn: <a href=\"https:\/\/www.linkedin.com\/company\/flyeralarm\" target=\"_blank\" rel=\"noopener\">https:\/\/www.linkedin.com\/company\/flyeralarm<\/a>[\/vc_column_text][divider line_type=&#8220;No Line&#8220; custom_height=&#8220;15&#8243;][nectar_btn size=&#8220;small&#8220; open_new_tab=&#8220;true&#8220; button_style=&#8220;regular&#8220; button_color_2=&#8220;Accent-Color&#8220; icon_family=&#8220;none&#8220; text=&#8220;Weitere Podcast-Episoden \u25ba&#8220; url=&#8220;https:\/\/www.flyeralarm.com\/blog\/de\/podcast&#8220;][\/vc_column][\/vc_row][vc_row type=&#8220;in_container&#8220; full_screen_row_position=&#8220;middle&#8220; column_margin=&#8220;default&#8220; column_direction=&#8220;default&#8220; column_direction_tablet=&#8220;default&#8220; column_direction_phone=&#8220;default&#8220; scene_position=&#8220;center&#8220; text_color=&#8220;dark&#8220; text_align=&#8220;left&#8220; row_border_radius=&#8220;none&#8220; row_border_radius_applies=&#8220;bg&#8220; overflow=&#8220;visible&#8220; overlay_strength=&#8220;0.3&#8243; gradient_direction=&#8220;left_to_right&#8220; shape_divider_position=&#8220;bottom&#8220; bg_image_animation=&#8220;none&#8220;][vc_column column_padding=&#8220;no-extra-padding&#8220; column_padding_tablet=&#8220;inherit&#8220; column_padding_phone=&#8220;inherit&#8220; column_padding_position=&#8220;all&#8220; column_element_direction_desktop=&#8220;default&#8220; column_element_spacing=&#8220;default&#8220; desktop_text_alignment=&#8220;default&#8220; tablet_text_alignment=&#8220;default&#8220; phone_text_alignment=&#8220;default&#8220; background_color_opacity=&#8220;1&#8243; background_hover_color_opacity=&#8220;1&#8243; column_backdrop_filter=&#8220;none&#8220; column_shadow=&#8220;none&#8220; column_border_radius=&#8220;none&#8220; column_link_target=&#8220;_self&#8220; column_position=&#8220;default&#8220; gradient_direction=&#8220;left_to_right&#8220; overlay_strength=&#8220;0.3&#8243; width=&#8220;1\/1&#8243; tablet_width_inherit=&#8220;default&#8220; animation_type=&#8220;default&#8220; bg_image_animation=&#8220;none&#8220; border_type=&#8220;simple&#8220; column_border_width=&#8220;none&#8220; column_border_style=&#8220;solid&#8220;][vc_column_text]\n<h2 id=\"award\">Was ist der FLYERALARM Design Award?<\/h2>\n[\/vc_column_text][\/vc_column][\/vc_row][vc_row type=&#8220;in_container&#8220; full_screen_row_position=&#8220;middle&#8220; column_margin=&#8220;default&#8220; column_direction=&#8220;default&#8220; column_direction_tablet=&#8220;default&#8220; column_direction_phone=&#8220;default&#8220; scene_position=&#8220;center&#8220; text_color=&#8220;dark&#8220; text_align=&#8220;left&#8220; row_border_radius=&#8220;none&#8220; row_border_radius_applies=&#8220;bg&#8220; overflow=&#8220;visible&#8220; overlay_strength=&#8220;0.3&#8243; gradient_direction=&#8220;left_to_right&#8220; shape_divider_position=&#8220;bottom&#8220; bg_image_animation=&#8220;none&#8220;][vc_column column_padding=&#8220;no-extra-padding&#8220; column_padding_tablet=&#8220;inherit&#8220; column_padding_phone=&#8220;inherit&#8220; column_padding_position=&#8220;all&#8220; column_element_direction_desktop=&#8220;default&#8220; column_element_spacing=&#8220;default&#8220; desktop_text_alignment=&#8220;default&#8220; tablet_text_alignment=&#8220;default&#8220; phone_text_alignment=&#8220;default&#8220; background_color_opacity=&#8220;1&#8243; background_hover_color_opacity=&#8220;1&#8243; column_backdrop_filter=&#8220;none&#8220; column_shadow=&#8220;none&#8220; column_border_radius=&#8220;none&#8220; column_link_target=&#8220;_self&#8220; column_position=&#8220;default&#8220; gradient_direction=&#8220;left_to_right&#8220; overlay_strength=&#8220;0.3&#8243; width=&#8220;1\/1&#8243; tablet_width_inherit=&#8220;default&#8220; animation_type=&#8220;default&#8220; bg_image_animation=&#8220;none&#8220; border_type=&#8220;simple&#8220; column_border_width=&#8220;none&#8220; column_border_style=&#8220;solid&#8220;][vc_column_text]Bereits seit 2010 wird der FLYERALARM Design Award f\u00fcr Designprofis und Kreative verliehen. Die Mission: Mit Leidenschaft f\u00fcr Design und Werbung Gutes tun und gleichzeitig herausragende grafische Arbeiten zu mehr Bekanntheit verhelfen. Mitmachen? Kann jeder f\u00fcr eine freiwillige Teilnahmegeb\u00fchr \u2013 ganz egal ob Vollzeit-Mediengestalterin oder -gestalter oder Hobbydesignerin oder -designer. Und das Beste: <strong>S\u00e4mtliche Teilnahmegeb\u00fchren gehen 1:1 und ohne Abz\u00fcge an die Organisationen!\u00a0<\/strong><\/p>\n<p>Und so funktioniert die Teilnahme:[\/vc_column_text][\/vc_column][\/vc_row][vc_row type=&#8220;in_container&#8220; full_screen_row_position=&#8220;middle&#8220; column_margin=&#8220;default&#8220; column_direction=&#8220;default&#8220; column_direction_tablet=&#8220;default&#8220; column_direction_phone=&#8220;default&#8220; scene_position=&#8220;center&#8220; text_color=&#8220;dark&#8220; text_align=&#8220;left&#8220; row_border_radius=&#8220;none&#8220; row_border_radius_applies=&#8220;bg&#8220; overflow=&#8220;visible&#8220; overlay_strength=&#8220;0.3&#8243; gradient_direction=&#8220;left_to_right&#8220; shape_divider_position=&#8220;bottom&#8220; bg_image_animation=&#8220;none&#8220;][vc_column column_padding=&#8220;no-extra-padding&#8220; column_padding_tablet=&#8220;inherit&#8220; column_padding_phone=&#8220;inherit&#8220; column_padding_position=&#8220;all&#8220; column_element_direction_desktop=&#8220;default&#8220; column_element_spacing=&#8220;default&#8220; desktop_text_alignment=&#8220;default&#8220; tablet_text_alignment=&#8220;default&#8220; phone_text_alignment=&#8220;default&#8220; background_color_opacity=&#8220;1&#8243; background_hover_color_opacity=&#8220;1&#8243; column_backdrop_filter=&#8220;none&#8220; column_shadow=&#8220;none&#8220; column_border_radius=&#8220;none&#8220; column_link_target=&#8220;_self&#8220; column_position=&#8220;default&#8220; gradient_direction=&#8220;left_to_right&#8220; overlay_strength=&#8220;0.3&#8243; width=&#8220;1\/2&#8243; tablet_width_inherit=&#8220;default&#8220; animation_type=&#8220;default&#8220; bg_image_animation=&#8220;none&#8220; border_type=&#8220;simple&#8220; column_border_width=&#8220;none&#8220; column_border_style=&#8220;solid&#8220;]<div class=\"iwithtext\"><div class=\"iwt-icon\"> <i class=\"icon-default-style fa fa-pencil accent-color\"><\/i> <\/div><div class=\"iwt-text\"> \n<h3>1. Mini-Kampagne gestalten<\/h3>\n<p>Sie wollen den Award abr\u00e4umen? Dann suchen sich eine der vier gemeinn\u00fctzigen Organisationen aus, die weiter unten genauer beschrieben werden, und gestalten Sie eine Mini-Kampagne (Anzeigen- &amp; Social-Media-Motiv). Text, Stil, Illustration \u2026 Alles ist Ihrer Kreativit\u00e4t \u00fcberlassen. S\u00e4mtliche Logos, Bildmaterialien und Vorgaben gibt es auf der offiziellen FLYERALARM Design Award 2025 Webseite. <\/div><div class=\"clear\"><\/div><\/div>[\/vc_column][vc_column column_padding=&#8220;no-extra-padding&#8220; column_padding_tablet=&#8220;inherit&#8220; column_padding_phone=&#8220;inherit&#8220; column_padding_position=&#8220;all&#8220; column_element_direction_desktop=&#8220;default&#8220; column_element_spacing=&#8220;default&#8220; desktop_text_alignment=&#8220;default&#8220; tablet_text_alignment=&#8220;default&#8220; phone_text_alignment=&#8220;default&#8220; background_color_opacity=&#8220;1&#8243; background_hover_color_opacity=&#8220;1&#8243; column_backdrop_filter=&#8220;none&#8220; column_shadow=&#8220;none&#8220; column_border_radius=&#8220;none&#8220; column_link_target=&#8220;_self&#8220; column_position=&#8220;default&#8220; gradient_direction=&#8220;left_to_right&#8220; overlay_strength=&#8220;0.3&#8243; width=&#8220;1\/2&#8243; tablet_width_inherit=&#8220;default&#8220; animation_type=&#8220;default&#8220; bg_image_animation=&#8220;none&#8220; border_type=&#8220;simple&#8220; column_border_width=&#8220;none&#8220; column_border_style=&#8220;solid&#8220;]<div class=\"iwithtext\"><div class=\"iwt-icon\"> <i class=\"icon-default-style fa fa-envelope-o accent-color\"><\/i> <\/div><div class=\"iwt-text\"> \n<h3>2. Teilnahmeformular ausf\u00fcllen<\/h3>\n<p>Die Mini-Kampagne ist fertig? Hervorragend \u2013 nun m\u00fcssen Sie nur noch das Teilnahmeformular ausf\u00fcllen, Ihre Motive hochladen und die <strong>freiwillige Teilnahmegeb\u00fchr<\/strong> per PayPal bezahlen. Einsendeschluss f\u00fcr Ihre Einreichung ist der 30.09.2026. Sie haben nicht nur eine, sondern gleich mehrere gute Ideen? Perfekt! Gerne k\u00f6nnen Sie auch mit mehreren Vorschl\u00e4gen am Award teilnehmen. <\/div><div class=\"clear\"><\/div><\/div>[\/vc_column][\/vc_row][vc_row type=&#8220;in_container&#8220; full_screen_row_position=&#8220;middle&#8220; column_margin=&#8220;default&#8220; column_direction=&#8220;default&#8220; column_direction_tablet=&#8220;default&#8220; column_direction_phone=&#8220;default&#8220; scene_position=&#8220;center&#8220; text_color=&#8220;dark&#8220; text_align=&#8220;left&#8220; row_border_radius=&#8220;none&#8220; row_border_radius_applies=&#8220;bg&#8220; overflow=&#8220;visible&#8220; overlay_strength=&#8220;0.3&#8243; gradient_direction=&#8220;left_to_right&#8220; shape_divider_position=&#8220;bottom&#8220; bg_image_animation=&#8220;none&#8220;][vc_column column_padding=&#8220;no-extra-padding&#8220; column_padding_tablet=&#8220;inherit&#8220; column_padding_phone=&#8220;inherit&#8220; column_padding_position=&#8220;all&#8220; column_element_direction_desktop=&#8220;default&#8220; column_element_spacing=&#8220;default&#8220; desktop_text_alignment=&#8220;default&#8220; tablet_text_alignment=&#8220;default&#8220; phone_text_alignment=&#8220;default&#8220; background_color_opacity=&#8220;1&#8243; background_hover_color_opacity=&#8220;1&#8243; column_backdrop_filter=&#8220;none&#8220; column_shadow=&#8220;none&#8220; column_border_radius=&#8220;none&#8220; column_link_target=&#8220;_self&#8220; column_position=&#8220;default&#8220; gradient_direction=&#8220;left_to_right&#8220; overlay_strength=&#8220;0.3&#8243; width=&#8220;1\/2&#8243; tablet_width_inherit=&#8220;default&#8220; animation_type=&#8220;default&#8220; bg_image_animation=&#8220;none&#8220; border_type=&#8220;simple&#8220; column_border_width=&#8220;none&#8220; column_border_style=&#8220;solid&#8220;]<div class=\"iwithtext\"><div class=\"iwt-icon\"> <i class=\"icon-default-style fa fa-trophy accent-color\"><\/i> <\/div><div class=\"iwt-text\"> \n<h3>3. Jetzt entscheidet die Jury<\/h3>\n<p>Eine Fach-Jury aus Design- und Kommunikationsprofis mit jahrzehntelanger Berufserfahrung ermittelt je gemeinn\u00fctziger Organisation drei Gewinnerinnen und Gewinner (Platz 1. bis 3). Zus\u00e4tzlich kann das Publikum auf der offiziellen Webseite des FLYERALARM Design Awards 2026 f\u00fcr ein pers\u00f6nliches Lieblingsmotiv voten (Publikumspreis). Alle Preistr\u00e4gerinnen und Preistr\u00e4ger werden im Anschluss \u00f6ffentlich pr\u00e4miert und mit ihren Werken auf der FLYERALARM Design Award Webseite, in den Social Media Kan\u00e4len, durch das Buch rund um den Award sowie durch eine ausf\u00fchrliche Presse- und \u00d6ffentlichkeitsarbeit bekannt gemacht. Dar\u00fcber hinaus erhalten:<\/p>\n<ul>\n<li>Pl\u00e4tze 1: Geldpreis in H\u00f6he von 2.500 Euro<\/li>\n<li>Pl\u00e4tze 2: Geldpreis in H\u00f6he von 1.000 Euro<\/li>\n<li>Pl\u00e4tze 3: Geldpreis in H\u00f6he von 500 Euro<\/li>\n<li>Tr\u00e4gerin oder Tr\u00e4ger des Publikumspreises: Geldpreis in H\u00f6he von 2.500 Euro<\/li>\n<\/ul>\n <\/div><div class=\"clear\"><\/div><\/div>[\/vc_column][vc_column column_padding=&#8220;no-extra-padding&#8220; column_padding_tablet=&#8220;inherit&#8220; column_padding_phone=&#8220;inherit&#8220; column_padding_position=&#8220;all&#8220; column_element_direction_desktop=&#8220;default&#8220; column_element_spacing=&#8220;default&#8220; desktop_text_alignment=&#8220;default&#8220; tablet_text_alignment=&#8220;default&#8220; phone_text_alignment=&#8220;default&#8220; background_color_opacity=&#8220;1&#8243; background_hover_color_opacity=&#8220;1&#8243; column_backdrop_filter=&#8220;none&#8220; column_shadow=&#8220;none&#8220; column_border_radius=&#8220;none&#8220; column_link_target=&#8220;_self&#8220; column_position=&#8220;default&#8220; gradient_direction=&#8220;left_to_right&#8220; overlay_strength=&#8220;0.3&#8243; width=&#8220;1\/2&#8243; tablet_width_inherit=&#8220;default&#8220; animation_type=&#8220;default&#8220; bg_image_animation=&#8220;none&#8220; border_type=&#8220;simple&#8220; column_border_width=&#8220;none&#8220; column_border_style=&#8220;solid&#8220;]<div class=\"nectar-fancy-ul\" data-list-icon=\"icon-salient-thin-line\" data-animation=\"false\" data-animation-delay=\"0\" data-color=\"accent-color\" data-spacing=\"default\" data-alignment=\"left\"> \n<ul>\n<li>\n<p class=\"hl-l center\"><strong>Teilnahme: 14.08.2026 bis 30.09.2026 (23:59 Uhr)<\/strong><\/p>\n<\/li>\n<li>\n<p class=\"hl-l center\"><strong>Publikumsvoting: 01.10.2026 bis 11.10.2026<\/strong><\/p>\n<\/li>\n<li>\n<p class=\"hl-l center\"><strong>Preisverleihung in W\u00fcrzburg: 12.11.2026<\/strong><\/p>\n<\/li>\n<\/ul>\n <\/div>[nectar_btn size=&#8220;large&#8220; open_new_tab=&#8220;true&#8220; button_style=&#8220;regular&#8220; button_color_2=&#8220;Accent-Color&#8220; icon_family=&#8220;none&#8220; text=&#8220;Zum FLYERALARM Design Award 2026&#8243; url=&#8220;https:\/\/www.flyeralarm-design-award.com\/&#8220;][\/vc_column][\/vc_row][vc_row type=&#8220;in_container&#8220; full_screen_row_position=&#8220;middle&#8220; column_margin=&#8220;default&#8220; column_direction=&#8220;default&#8220; column_direction_tablet=&#8220;default&#8220; column_direction_phone=&#8220;default&#8220; scene_position=&#8220;center&#8220; text_color=&#8220;dark&#8220; text_align=&#8220;left&#8220; row_border_radius=&#8220;none&#8220; row_border_radius_applies=&#8220;bg&#8220; overflow=&#8220;visible&#8220; overlay_strength=&#8220;0.3&#8243; gradient_direction=&#8220;left_to_right&#8220; shape_divider_position=&#8220;bottom&#8220; bg_image_animation=&#8220;none&#8220;][vc_column column_padding=&#8220;no-extra-padding&#8220; column_padding_tablet=&#8220;inherit&#8220; column_padding_phone=&#8220;inherit&#8220; column_padding_position=&#8220;all&#8220; column_element_direction_desktop=&#8220;default&#8220; column_element_spacing=&#8220;default&#8220; desktop_text_alignment=&#8220;default&#8220; tablet_text_alignment=&#8220;default&#8220; phone_text_alignment=&#8220;default&#8220; background_color_opacity=&#8220;1&#8243; background_hover_color_opacity=&#8220;1&#8243; column_backdrop_filter=&#8220;none&#8220; column_shadow=&#8220;none&#8220; column_border_radius=&#8220;none&#8220; column_link_target=&#8220;_self&#8220; column_position=&#8220;default&#8220; gradient_direction=&#8220;left_to_right&#8220; overlay_strength=&#8220;0.3&#8243; width=&#8220;1\/1&#8243; tablet_width_inherit=&#8220;default&#8220; animation_type=&#8220;default&#8220; bg_image_animation=&#8220;none&#8220; border_type=&#8220;simple&#8220; column_border_width=&#8220;none&#8220; column_border_style=&#8220;solid&#8220;][vc_column_text]\n<h2 id=\"ngos\">Diese Organisationen werden 2026 unterst\u00fctzt<\/h2>\n[\/vc_column_text][\/vc_column][\/vc_row][vc_row type=&#8220;in_container&#8220; full_screen_row_position=&#8220;middle&#8220; column_margin=&#8220;default&#8220; column_direction=&#8220;default&#8220; column_direction_tablet=&#8220;default&#8220; column_direction_phone=&#8220;default&#8220; scene_position=&#8220;center&#8220; text_color=&#8220;dark&#8220; text_align=&#8220;left&#8220; row_border_radius=&#8220;none&#8220; row_border_radius_applies=&#8220;bg&#8220; overflow=&#8220;visible&#8220; overlay_strength=&#8220;0.3&#8243; gradient_direction=&#8220;left_to_right&#8220; shape_divider_position=&#8220;bottom&#8220; bg_image_animation=&#8220;none&#8220;][vc_column column_padding=&#8220;no-extra-padding&#8220; column_padding_tablet=&#8220;inherit&#8220; column_padding_phone=&#8220;inherit&#8220; column_padding_position=&#8220;all&#8220; column_element_direction_desktop=&#8220;default&#8220; column_element_spacing=&#8220;default&#8220; desktop_text_alignment=&#8220;default&#8220; tablet_text_alignment=&#8220;default&#8220; phone_text_alignment=&#8220;default&#8220; background_color_opacity=&#8220;1&#8243; background_hover_color_opacity=&#8220;1&#8243; column_backdrop_filter=&#8220;none&#8220; column_shadow=&#8220;none&#8220; column_border_radius=&#8220;none&#8220; column_link_target=&#8220;_self&#8220; column_position=&#8220;default&#8220; gradient_direction=&#8220;left_to_right&#8220; overlay_strength=&#8220;0.3&#8243; width=&#8220;1\/5&#8243; tablet_width_inherit=&#8220;default&#8220; animation_type=&#8220;default&#8220; bg_image_animation=&#8220;none&#8220; border_type=&#8220;simple&#8220; column_border_width=&#8220;none&#8220; column_border_style=&#8220;solid&#8220;][image_with_animation image_url=&#8220;135532&#8243; image_size=&#8220;full&#8220; animation_type=&#8220;entrance&#8220; animation=&#8220;Fade In&#8220; animation_easing=&#8220;default&#8220; animation_movement_type=&#8220;transform_y&#8220; hover_animation=&#8220;none&#8220; alignment=&#8220;&#8220; border_radius=&#8220;none&#8220; box_shadow=&#8220;none&#8220; image_loading=&#8220;default&#8220; max_width=&#8220;100%&#8220; max_width_mobile=&#8220;default&#8220;][vc_column_text]\n<h3>Kategorie Menschen: Lebenshilfe<\/h3>\n[\/vc_column_text][divider line_type=&#8220;No Line&#8220; custom_height=&#8220;5&#8243;][vc_column_text]Die Lebenshilfe setzt sich f\u00fcr Menschen mit geistiger Beeintr\u00e4chtigung ein. Sie sollen Zugang zu allen gesellschaftlichen Bereichen haben, ihre Rechte verwirklichen k\u00f6nnen und Respekt und Anerkennung erfahren. Das gro\u00dfe Ziel ist: Teilhabe f\u00fcr Menschen mit Behinderung! \u2013 immer und \u00fcberall.[\/vc_column_text][\/vc_column][vc_column column_padding=&#8220;no-extra-padding&#8220; column_padding_tablet=&#8220;inherit&#8220; column_padding_phone=&#8220;inherit&#8220; column_padding_position=&#8220;all&#8220; column_element_direction_desktop=&#8220;default&#8220; column_element_spacing=&#8220;default&#8220; desktop_text_alignment=&#8220;default&#8220; tablet_text_alignment=&#8220;default&#8220; phone_text_alignment=&#8220;default&#8220; background_color_opacity=&#8220;1&#8243; background_hover_color_opacity=&#8220;1&#8243; column_backdrop_filter=&#8220;none&#8220; column_shadow=&#8220;none&#8220; column_border_radius=&#8220;none&#8220; column_link_target=&#8220;_self&#8220; column_position=&#8220;default&#8220; gradient_direction=&#8220;left_to_right&#8220; overlay_strength=&#8220;0.3&#8243; width=&#8220;1\/5&#8243; tablet_width_inherit=&#8220;default&#8220; animation_type=&#8220;default&#8220; bg_image_animation=&#8220;none&#8220; border_type=&#8220;simple&#8220; column_border_width=&#8220;none&#8220; column_border_style=&#8220;solid&#8220;][image_with_animation image_url=&#8220;135545&#8243; image_size=&#8220;full&#8220; animation_type=&#8220;entrance&#8220; animation=&#8220;Fade In&#8220; animation_easing=&#8220;default&#8220; animation_movement_type=&#8220;transform_y&#8220; hover_animation=&#8220;none&#8220; alignment=&#8220;&#8220; border_radius=&#8220;none&#8220; box_shadow=&#8220;none&#8220; image_loading=&#8220;default&#8220; max_width=&#8220;100%&#8220; max_width_mobile=&#8220;default&#8220;][vc_column_text]\n<h3>Kategorie Tiere: SEA SHEPHERD (Mission Oktupus)<\/h3>\n[\/vc_column_text][divider line_type=&#8220;No Line&#8220; custom_height=&#8220;5&#8243;][vc_column_text]Sea Shepherd ist eine internationale Meeresschutzorganisation. Mit einer eigenen Flotte und Tausenden Freiwilligen auf der ganzen Welt geht Sea Shepherd aktiv gegen die Zerst\u00f6rung der marinen \u00d6kosysteme vor und schreitet beherzt ein, wenn Meerestiere in Gefahr sind. Ein Schwerpunkt der internationalen Kampagnenarbeit ist der Kampf gegen illegale Fischerei.[\/vc_column_text][\/vc_column][vc_column column_padding=&#8220;no-extra-padding&#8220; column_padding_tablet=&#8220;inherit&#8220; column_padding_phone=&#8220;inherit&#8220; column_padding_position=&#8220;all&#8220; column_element_direction_desktop=&#8220;default&#8220; column_element_spacing=&#8220;default&#8220; desktop_text_alignment=&#8220;default&#8220; tablet_text_alignment=&#8220;default&#8220; phone_text_alignment=&#8220;default&#8220; background_color_opacity=&#8220;1&#8243; background_hover_color_opacity=&#8220;1&#8243; column_backdrop_filter=&#8220;none&#8220; column_shadow=&#8220;none&#8220; column_border_radius=&#8220;none&#8220; column_link_target=&#8220;_self&#8220; column_position=&#8220;default&#8220; gradient_direction=&#8220;left_to_right&#8220; overlay_strength=&#8220;0.3&#8243; width=&#8220;1\/5&#8243; tablet_width_inherit=&#8220;default&#8220; animation_type=&#8220;default&#8220; bg_image_animation=&#8220;none&#8220; border_type=&#8220;simple&#8220; column_border_width=&#8220;none&#8220; column_border_style=&#8220;solid&#8220;][image_with_animation image_url=&#8220;135506&#8243; image_size=&#8220;full&#8220; animation_type=&#8220;entrance&#8220; animation=&#8220;Fade In&#8220; animation_easing=&#8220;default&#8220; animation_movement_type=&#8220;transform_y&#8220; hover_animation=&#8220;none&#8220; alignment=&#8220;&#8220; border_radius=&#8220;none&#8220; box_shadow=&#8220;none&#8220; image_loading=&#8220;default&#8220; max_width=&#8220;100%&#8220; max_width_mobile=&#8220;default&#8220;][vc_column_text]\n<h3>Kategorie Umwelt: GR\u00dcNE LIGA<\/h3>\n[\/vc_column_text][divider line_type=&#8220;No Line&#8220; custom_height=&#8220;5&#8243;][vc_column_text]Die GR\u00dcNE LIGA ist ein vielf\u00e4ltiges Netzwerk \u00f6kologischer Bewegungen \u2013 in Ostdeutschland verwurzelt, aber auch in Br\u00fcssel und Madagaskar aktiv. Wir errichten Kr\u00f6tenschutzz\u00e4une, pflegen Naturschutzgebiete und veranstalten Parlamentarische Abende.[\/vc_column_text][\/vc_column][vc_column column_padding=&#8220;no-extra-padding&#8220; column_padding_tablet=&#8220;inherit&#8220; column_padding_phone=&#8220;inherit&#8220; column_padding_position=&#8220;all&#8220; column_element_direction_desktop=&#8220;default&#8220; column_element_spacing=&#8220;default&#8220; desktop_text_alignment=&#8220;default&#8220; tablet_text_alignment=&#8220;default&#8220; phone_text_alignment=&#8220;default&#8220; background_color_opacity=&#8220;1&#8243; background_hover_color_opacity=&#8220;1&#8243; column_backdrop_filter=&#8220;none&#8220; column_shadow=&#8220;none&#8220; column_border_radius=&#8220;none&#8220; column_link_target=&#8220;_self&#8220; column_position=&#8220;default&#8220; gradient_direction=&#8220;left_to_right&#8220; overlay_strength=&#8220;0.3&#8243; width=&#8220;1\/5&#8243; tablet_width_inherit=&#8220;default&#8220; animation_type=&#8220;default&#8220; bg_image_animation=&#8220;none&#8220; border_type=&#8220;simple&#8220; column_border_width=&#8220;none&#8220; column_border_style=&#8220;solid&#8220;][image_with_animation image_url=&#8220;121666&#8243; image_size=&#8220;full&#8220; animation_type=&#8220;entrance&#8220; animation=&#8220;Fade In&#8220; animation_easing=&#8220;default&#8220; animation_movement_type=&#8220;transform_y&#8220; hover_animation=&#8220;none&#8220; alignment=&#8220;&#8220; border_radius=&#8220;none&#8220; box_shadow=&#8220;none&#8220; image_loading=&#8220;default&#8220; max_width=&#8220;100%&#8220; max_width_mobile=&#8220;default&#8220;][vc_column_text]\n<h3>Kategorie Kinder: FLYERALARM Kids Foundation<\/h3>\n[\/vc_column_text][divider line_type=&#8220;No Line&#8220; custom_height=&#8220;5&#8243;][vc_column_text]Die FLYERALARM Kids Foundation unterst\u00fctzt Kinder und Jugendliche, die unter schwierigen Bedingungen aufwachsen. Sie f\u00f6rdert Projekte in den Bereichen Bildung, Gesundheit, Teilhabe, soziale Sicherheit und Kinderschutz. Im Mittelpunkt steht die Idee, Kindern Raum zu geben, um stark zu werden, ihren Weg zu finden und diesen auch zu gehen.[\/vc_column_text][\/vc_column][vc_column column_padding=&#8220;no-extra-padding&#8220; column_padding_tablet=&#8220;inherit&#8220; column_padding_phone=&#8220;inherit&#8220; column_padding_position=&#8220;all&#8220; column_element_direction_desktop=&#8220;default&#8220; column_element_spacing=&#8220;default&#8220; desktop_text_alignment=&#8220;default&#8220; tablet_text_alignment=&#8220;default&#8220; phone_text_alignment=&#8220;default&#8220; background_color_opacity=&#8220;1&#8243; background_hover_color_opacity=&#8220;1&#8243; column_backdrop_filter=&#8220;none&#8220; column_shadow=&#8220;none&#8220; column_border_radius=&#8220;none&#8220; column_link_target=&#8220;_self&#8220; column_position=&#8220;default&#8220; gradient_direction=&#8220;left_to_right&#8220; overlay_strength=&#8220;0.3&#8243; width=&#8220;1\/5&#8243; tablet_width_inherit=&#8220;default&#8220; animation_type=&#8220;default&#8220; bg_image_animation=&#8220;none&#8220; border_type=&#8220;simple&#8220; column_border_width=&#8220;none&#8220; column_border_style=&#8220;solid&#8220;][image_with_animation image_url=&#8220;135519&#8243; image_size=&#8220;full&#8220; animation_type=&#8220;entrance&#8220; animation=&#8220;Fade In&#8220; animation_easing=&#8220;default&#8220; animation_movement_type=&#8220;transform_y&#8220; hover_animation=&#8220;none&#8220; alignment=&#8220;&#8220; border_radius=&#8220;none&#8220; box_shadow=&#8220;none&#8220; image_loading=&#8220;default&#8220; max_width=&#8220;100%&#8220; max_width_mobile=&#8220;default&#8220;][vc_column_text]\n<h3>Kategorie Gesundheit: HerzPiraten<\/h3>\n[\/vc_column_text][divider line_type=&#8220;No Line&#8220; custom_height=&#8220;5&#8243;][vc_column_text]Ins Leben gerufen wurden die HerzPiraten zun\u00e4chst als Initiative von Schauspielerin und Moderatorin Nova Meierhenrich zusammen mit dem Segler und angehenden Arzt Malte Kamrath im Jahr 2013. Aufgrund des gro\u00dfen Zuspruches und allem, was sich dann ganz schnell daraus entwickelte, folgte im Jahr 2014 dann schon kurz danach die offizielle Vereinsgr\u00fcndung.[\/vc_column_text][\/vc_column][\/vc_row][vc_row type=&#8220;in_container&#8220; full_screen_row_position=&#8220;middle&#8220; column_margin=&#8220;default&#8220; column_direction=&#8220;default&#8220; column_direction_tablet=&#8220;default&#8220; column_direction_phone=&#8220;default&#8220; scene_position=&#8220;center&#8220; text_color=&#8220;dark&#8220; text_align=&#8220;left&#8220; row_border_radius=&#8220;none&#8220; row_border_radius_applies=&#8220;bg&#8220; overflow=&#8220;visible&#8220; overlay_strength=&#8220;0.3&#8243; gradient_direction=&#8220;left_to_right&#8220; shape_divider_position=&#8220;bottom&#8220; bg_image_animation=&#8220;none&#8220;][vc_column column_padding=&#8220;no-extra-padding&#8220; column_padding_tablet=&#8220;inherit&#8220; column_padding_phone=&#8220;inherit&#8220; column_padding_position=&#8220;all&#8220; column_element_direction_desktop=&#8220;default&#8220; column_element_spacing=&#8220;default&#8220; desktop_text_alignment=&#8220;default&#8220; tablet_text_alignment=&#8220;default&#8220; phone_text_alignment=&#8220;default&#8220; background_color_opacity=&#8220;1&#8243; background_hover_color_opacity=&#8220;1&#8243; column_backdrop_filter=&#8220;none&#8220; column_shadow=&#8220;none&#8220; column_border_radius=&#8220;none&#8220; column_link_target=&#8220;_self&#8220; column_position=&#8220;default&#8220; gradient_direction=&#8220;left_to_right&#8220; overlay_strength=&#8220;0.3&#8243; width=&#8220;1\/1&#8243; tablet_width_inherit=&#8220;default&#8220; animation_type=&#8220;default&#8220; bg_image_animation=&#8220;none&#8220; border_type=&#8220;simple&#8220; column_border_width=&#8220;none&#8220; column_border_style=&#8220;solid&#8220;][vc_column_text]Lust auf einen Schwung gratis Inspiration? Hier finden Sie eine Auswahl vergangener Siegermotive. Viel Spa\u00df beim Gestalten und Mitmachen![\/vc_column_text][divider line_type=&#8220;No Line&#8220; custom_height=&#8220;5&#8243;][nectar_btn size=&#8220;small&#8220; open_new_tab=&#8220;true&#8220; button_style=&#8220;regular&#8220; button_color_2=&#8220;Accent-Color&#8220; icon_family=&#8220;none&#8220; text=&#8220;Mehr Siegerdesigns der letzten Jahre ansehen&#8220; url=&#8220;https:\/\/www.flyeralarm-design-award.com\/designs\/&#8220;][\/vc_column][\/vc_row]\n","protected":false},"excerpt":{"rendered":"<p>Werden Sie kreativ beim FLYERALARM Design Award 2025 und unterst\u00fctzen Sie vier spannende soziale Organisationen. Jetzt mehr erfahren!<\/p>\n","protected":false},"author":32,"featured_media":122348,"comment_status":"open","ping_status":"closed","sticky":false,"template":"","format":"standard","meta":{"_acf_changed":false,"footnotes":""},"categories":[9],"tags":[54,431,9016],"class_list":{"0":"post-8667","1":"post","2":"type-post","3":"status-publish","4":"format-standard","5":"has-post-thumbnail","7":"category-backstage","8":"tag-kreativitaet","9":"tag-messe","10":"tag-podcast"},"acf":[],"_links":{"self":[{"href":"https:\/\/www.flyeralarm.com\/blog\/de\/wp-json\/wp\/v2\/posts\/8667","targetHints":{"allow":["GET"]}}],"collection":[{"href":"https:\/\/www.flyeralarm.com\/blog\/de\/wp-json\/wp\/v2\/posts"}],"about":[{"href":"https:\/\/www.flyeralarm.com\/blog\/de\/wp-json\/wp\/v2\/types\/post"}],"author":[{"embeddable":true,"href":"https:\/\/www.flyeralarm.com\/blog\/de\/wp-json\/wp\/v2\/users\/32"}],"replies":[{"embeddable":true,"href":"https:\/\/www.flyeralarm.com\/blog\/de\/wp-json\/wp\/v2\/comments?post=8667"}],"version-history":[{"count":28,"href":"https:\/\/www.flyeralarm.com\/blog\/de\/wp-json\/wp\/v2\/posts\/8667\/revisions"}],"predecessor-version":[{"id":135578,"href":"https:\/\/www.flyeralarm.com\/blog\/de\/wp-json\/wp\/v2\/posts\/8667\/revisions\/135578"}],"wp:featuredmedia":[{"embeddable":true,"href":"https:\/\/www.flyeralarm.com\/blog\/de\/wp-json\/wp\/v2\/media\/122348"}],"wp:attachment":[{"href":"https:\/\/www.flyeralarm.com\/blog\/de\/wp-json\/wp\/v2\/media?parent=8667"}],"wp:term":[{"taxonomy":"category","embeddable":true,"href":"https:\/\/www.flyeralarm.com\/blog\/de\/wp-json\/wp\/v2\/categories?post=8667"},{"taxonomy":"post_tag","embeddable":true,"href":"https:\/\/www.flyeralarm.com\/blog\/de\/wp-json\/wp\/v2\/tags?post=8667"}],"curies":[{"name":"wp","href":"https:\/\/api.w.org\/{rel}","templated":true}]}}