{"id":9023,"date":"2025-09-19T10:32:56","date_gmt":"2025-09-19T08:32:56","guid":{"rendered":"https:\/\/www.flyeralarm.com\/blog\/?p=9023"},"modified":"2026-03-27T12:54:17","modified_gmt":"2026-03-27T11:54:17","slug":"so-profitieren-sie-vom-black-friday","status":"publish","type":"post","link":"https:\/\/www.flyeralarm.com\/blog\/de\/so-profitieren-sie-vom-black-friday\/","title":{"rendered":"So profitieren Sie vom Black Friday 2025"},"content":{"rendered":"[vc_row type=&#8220;in_container&#8220; full_screen_row_position=&#8220;middle&#8220; column_margin=&#8220;default&#8220; column_direction=&#8220;default&#8220; column_direction_tablet=&#8220;default&#8220; column_direction_phone=&#8220;default&#8220; scene_position=&#8220;center&#8220; text_color=&#8220;dark&#8220; text_align=&#8220;left&#8220; row_border_radius=&#8220;none&#8220; row_border_radius_applies=&#8220;bg&#8220; overflow=&#8220;visible&#8220; overlay_strength=&#8220;0.3&#8243; gradient_direction=&#8220;left_to_right&#8220; shape_divider_position=&#8220;bottom&#8220; bg_image_animation=&#8220;none&#8220;][vc_column column_padding=&#8220;no-extra-padding&#8220; column_padding_tablet=&#8220;inherit&#8220; column_padding_phone=&#8220;inherit&#8220; column_padding_position=&#8220;all&#8220; column_element_direction_desktop=&#8220;default&#8220; column_element_spacing=&#8220;default&#8220; desktop_text_alignment=&#8220;default&#8220; tablet_text_alignment=&#8220;default&#8220; phone_text_alignment=&#8220;default&#8220; background_color_opacity=&#8220;1&#8243; background_hover_color_opacity=&#8220;1&#8243; column_backdrop_filter=&#8220;none&#8220; column_shadow=&#8220;none&#8220; column_border_radius=&#8220;none&#8220; column_link_target=&#8220;_self&#8220; column_position=&#8220;default&#8220; gradient_direction=&#8220;left_to_right&#8220; overlay_strength=&#8220;0.3&#8243; width=&#8220;1\/1&#8243; tablet_width_inherit=&#8220;default&#8220; animation_type=&#8220;default&#8220; bg_image_animation=&#8220;none&#8220; border_type=&#8220;simple&#8220; column_border_width=&#8220;none&#8220; column_border_style=&#8220;solid&#8220;][vc_column_text]Black Friday am 28. November 2025: F\u00fcr Sparf\u00fcchse ist das der sch\u00f6nste Tag des Jahres. Und f\u00fcr viele Unternehmen startet an diesem Tag das Weihnachtsgesch\u00e4ft. Kurbeln Sie auch in 2025 Ihre Ums\u00e4tze mit dem Black Friday an! Wir haben beim Handelsverband Bayern e.V. nachgefragt, was Selbstst\u00e4ndige und kleine Gesch\u00e4fte dabei beachten sollten. On Top gibt&#8217;s jede Menge praktische Tipps und Inspiration f\u00fcr Ihren Black Friday.[\/vc_column_text][\/vc_column][\/vc_row][vc_row type=&#8220;in_container&#8220; full_screen_row_position=&#8220;middle&#8220; column_margin=&#8220;default&#8220; column_direction=&#8220;default&#8220; column_direction_tablet=&#8220;default&#8220; column_direction_phone=&#8220;default&#8220; scene_position=&#8220;center&#8220; text_color=&#8220;dark&#8220; text_align=&#8220;left&#8220; row_border_radius=&#8220;none&#8220; row_border_radius_applies=&#8220;bg&#8220; overflow=&#8220;visible&#8220; overlay_strength=&#8220;0.3&#8243; gradient_direction=&#8220;left_to_right&#8220; shape_divider_position=&#8220;bottom&#8220; bg_image_animation=&#8220;none&#8220;][vc_column column_padding=&#8220;no-extra-padding&#8220; column_padding_tablet=&#8220;inherit&#8220; column_padding_phone=&#8220;inherit&#8220; column_padding_position=&#8220;all&#8220; column_element_direction_desktop=&#8220;default&#8220; column_element_spacing=&#8220;default&#8220; desktop_text_alignment=&#8220;right&#8220; tablet_text_alignment=&#8220;default&#8220; phone_text_alignment=&#8220;default&#8220; background_color_opacity=&#8220;1&#8243; background_hover_color_opacity=&#8220;1&#8243; column_backdrop_filter=&#8220;none&#8220; column_shadow=&#8220;none&#8220; column_border_radius=&#8220;none&#8220; column_link_target=&#8220;_self&#8220; column_position=&#8220;default&#8220; gradient_direction=&#8220;left_to_right&#8220; overlay_strength=&#8220;0.3&#8243; width=&#8220;1\/1&#8243; tablet_width_inherit=&#8220;default&#8220; animation_type=&#8220;default&#8220; bg_image_animation=&#8220;none&#8220; border_type=&#8220;simple&#8220; column_border_width=&#8220;none&#8220; column_border_style=&#8220;solid&#8220; column_padding_type=&#8220;default&#8220; gradient_type=&#8220;default&#8220;][nectar_btn size=&#8220;large&#8220; open_new_tab=&#8220;true&#8220; button_style=&#8220;regular&#8220; button_color_2=&#8220;Accent-Color&#8220; icon_family=&#8220;none&#8220; text=&#8220;Black Friday vorbereiten mit FLYERALARM&#8220; url=&#8220;https:\/\/www.flyeralarm.com\/de\/t\/branchenwelten\/pos-material-fuer-den-einzelhandel\/werbung-black-friday&#8220;][\/vc_column][\/vc_row][vc_row type=&#8220;in_container&#8220; full_screen_row_position=&#8220;middle&#8220; column_margin=&#8220;default&#8220; column_direction=&#8220;default&#8220; column_direction_tablet=&#8220;default&#8220; column_direction_phone=&#8220;default&#8220; scene_position=&#8220;center&#8220; text_color=&#8220;dark&#8220; text_align=&#8220;left&#8220; row_border_radius=&#8220;none&#8220; row_border_radius_applies=&#8220;bg&#8220; overflow=&#8220;visible&#8220; overlay_strength=&#8220;0.3&#8243; gradient_direction=&#8220;left_to_right&#8220; shape_divider_position=&#8220;bottom&#8220; bg_image_animation=&#8220;none&#8220;][vc_column column_padding=&#8220;no-extra-padding&#8220; column_padding_tablet=&#8220;inherit&#8220; column_padding_phone=&#8220;inherit&#8220; column_padding_position=&#8220;all&#8220; column_element_direction_desktop=&#8220;default&#8220; column_element_spacing=&#8220;default&#8220; desktop_text_alignment=&#8220;default&#8220; tablet_text_alignment=&#8220;default&#8220; phone_text_alignment=&#8220;default&#8220; background_color_opacity=&#8220;1&#8243; background_hover_color_opacity=&#8220;1&#8243; column_backdrop_filter=&#8220;none&#8220; column_shadow=&#8220;none&#8220; column_border_radius=&#8220;none&#8220; column_link_target=&#8220;_self&#8220; column_position=&#8220;default&#8220; gradient_direction=&#8220;left_to_right&#8220; overlay_strength=&#8220;0.3&#8243; width=&#8220;1\/1&#8243; tablet_width_inherit=&#8220;default&#8220; animation_type=&#8220;default&#8220; bg_image_animation=&#8220;none&#8220; border_type=&#8220;simple&#8220; column_border_width=&#8220;none&#8220; column_border_style=&#8220;solid&#8220;]<div class=\"iwithtext\"><div class=\"iwt-icon\"> <i class=\"icon-default-style fa fa-list accent-color\"><\/i> <\/div><div class=\"iwt-text\"> <span style=\"font-size: 14pt\"><strong>Inhalt<\/strong><\/span> <\/div><div class=\"clear\"><\/div><\/div>[vc_column_text]<a href=\"#podcast\">Podcast-Interview mit dem Handelsverband Bayern e.V.<\/a><br \/>\n<a href=\"#definition\">Was passiert am Black Friday?<\/a><br \/>\n<a href=\"#branche\">F\u00fcr jede Branche das richtige Konzept<\/a><br \/>\n<a href=\"#ideen\">Guerilla Marketing und weitere Ideen f\u00fcr Ihren Black Friday<\/a><br \/>\n<a href=\"#publizieren\">Vermarktung: Machen Sie Ihren Black Friday publik<\/a><br \/>\n<a href=\"#recht\">Rechtslage: Markenrechte am Black Friday gel\u00f6scht<\/a>[\/vc_column_text][\/vc_column][\/vc_row][vc_row type=&#8220;in_container&#8220; full_screen_row_position=&#8220;middle&#8220; column_margin=&#8220;default&#8220; column_direction=&#8220;default&#8220; column_direction_tablet=&#8220;default&#8220; column_direction_phone=&#8220;default&#8220; scene_position=&#8220;center&#8220; text_color=&#8220;dark&#8220; text_align=&#8220;left&#8220; row_border_radius=&#8220;none&#8220; row_border_radius_applies=&#8220;bg&#8220; overflow=&#8220;visible&#8220; overlay_strength=&#8220;0.3&#8243; gradient_direction=&#8220;left_to_right&#8220; shape_divider_position=&#8220;bottom&#8220; bg_image_animation=&#8220;none&#8220;][vc_column column_padding=&#8220;no-extra-padding&#8220; column_padding_tablet=&#8220;inherit&#8220; column_padding_phone=&#8220;inherit&#8220; column_padding_position=&#8220;all&#8220; column_element_direction_desktop=&#8220;default&#8220; column_element_spacing=&#8220;default&#8220; desktop_text_alignment=&#8220;default&#8220; tablet_text_alignment=&#8220;default&#8220; phone_text_alignment=&#8220;default&#8220; background_color_opacity=&#8220;1&#8243; background_hover_color_opacity=&#8220;1&#8243; column_backdrop_filter=&#8220;none&#8220; column_shadow=&#8220;none&#8220; column_border_radius=&#8220;none&#8220; column_link_target=&#8220;_self&#8220; column_position=&#8220;default&#8220; gradient_direction=&#8220;left_to_right&#8220; overlay_strength=&#8220;0.3&#8243; width=&#8220;1\/1&#8243; tablet_width_inherit=&#8220;default&#8220; animation_type=&#8220;default&#8220; bg_image_animation=&#8220;none&#8220; border_type=&#8220;simple&#8220; column_border_width=&#8220;none&#8220; column_border_style=&#8220;solid&#8220;][vc_column_text]\n<h2 id=\"podcast\">Podcast-Interview mit Volker Wedde und Angelika Winkler vom Handelsverband Bayern e.V.<\/h2>\n[\/vc_column_text][\/vc_column][\/vc_row][vc_row type=&#8220;in_container&#8220; full_screen_row_position=&#8220;middle&#8220; column_margin=&#8220;default&#8220; column_direction=&#8220;default&#8220; column_direction_tablet=&#8220;default&#8220; column_direction_phone=&#8220;default&#8220; scene_position=&#8220;center&#8220; text_color=&#8220;dark&#8220; text_align=&#8220;left&#8220; row_border_radius=&#8220;none&#8220; row_border_radius_applies=&#8220;bg&#8220; overflow=&#8220;visible&#8220; overlay_strength=&#8220;0.3&#8243; gradient_direction=&#8220;left_to_right&#8220; shape_divider_position=&#8220;bottom&#8220; bg_image_animation=&#8220;none&#8220;][vc_column column_padding=&#8220;no-extra-padding&#8220; column_padding_tablet=&#8220;inherit&#8220; column_padding_phone=&#8220;inherit&#8220; column_padding_position=&#8220;all&#8220; column_element_direction_desktop=&#8220;default&#8220; column_element_spacing=&#8220;default&#8220; desktop_text_alignment=&#8220;default&#8220; tablet_text_alignment=&#8220;default&#8220; phone_text_alignment=&#8220;default&#8220; background_color_opacity=&#8220;1&#8243; background_hover_color_opacity=&#8220;1&#8243; column_backdrop_filter=&#8220;none&#8220; column_shadow=&#8220;none&#8220; column_border_radius=&#8220;none&#8220; column_link_target=&#8220;_self&#8220; column_position=&#8220;default&#8220; gradient_direction=&#8220;left_to_right&#8220; overlay_strength=&#8220;0.3&#8243; width=&#8220;1\/1&#8243; tablet_width_inherit=&#8220;default&#8220; animation_type=&#8220;default&#8220; bg_image_animation=&#8220;none&#8220; border_type=&#8220;simple&#8220; column_border_width=&#8220;none&#8220; column_border_style=&#8220;solid&#8220;][tabbed_section style=&#8220;default&#8220; tab_change_animation=&#8220;fade&#8220; alignment=&#8220;left&#8220; spacing=&#8220;default&#8220; tab_color=&#8220;Accent-Color&#8220; vs_content_animation=&#8220;fade&#8220; vs_link_animation=&#8220;opacity&#8220; vs_navigation_alignment=&#8220;left&#8220; vs_navigation_width_2=&#8220;25%&#8220; vs_navigation_func=&#8220;default&#8220; vs_navigation_width=&#8220;regular&#8220; vs_navigation_spacing=&#8220;15px&#8220; vs_navigation_mobile_display=&#8220;visible&#8220; vs_tab_spacing=&#8220;5%&#8220;][tab icon_family=&#8220;none&#8220; title=&#8220;Podcast-Folge direkt anh\u00f6ren&#8220; id=&#8220;1759821809923-3&#8243; tab_id=&#8220;1759821809923-4&#8243;][vc_raw_js]JTNDc2NyaXB0JTIwY2xhc3MlM0QlMjJwb2RpZ2VlLXBvZGNhc3QtcGxheWVyJTIyJTIwc3JjJTNEJTIyaHR0cHMlM0ElMkYlMkZwbGF5ZXIucG9kaWdlZS1jZG4ubmV0JTJGcG9kY2FzdC1wbGF5ZXIlMkZqYXZhc2NyaXB0cyUyRnBvZGlnZWUtcG9kY2FzdC1wbGF5ZXIuanMlMjIlMjBkYXRhLWNvbmZpZ3VyYXRpb24lM0QlMjJodHRwcyUzQSUyRiUyRmVyZm9sZ3NkcnVja3BvZGNhc3QucG9kaWdlZS5pbyUyRjQ2LWJsYWNrLWZyaWRheSUyRmVtYmVkJTNGY29udGV4dCUzRGV4dGVybmFsJTIyJTNFJTNDJTJGc2NyaXB0JTNF[\/vc_raw_js][\/tab][tab icon_family=&#8220;none&#8220; title=&#8220;Transkript&#8220; id=&#8220;1759821809954-7&#8243; tab_id=&#8220;1759821809954-5&#8243;][vc_column_text]<a href=\"#kapitel1\">Kapitel 1: Intro<\/a><br \/>\n<a href=\"#kapitel2\">Kapitel 2: Erfolgsdruck im Handelsverband Bayern e.V. (HBE)<\/a><br \/>\n<a href=\"#kapitel3\">Kapitel 3: Einsch\u00e4tzung des Black Friday aus Sicht des HBE<\/a><br \/>\n<a href=\"#kapitel4\">Kapitel 4: Tipps und Beispiele aus der Praxis<\/a><br \/>\n<a href=\"#kapitel5\">Kapitel 5: Chancen und Herausforderungen f\u00fcr den station\u00e4ren Einzelhandel<\/a><br \/>\n<a href=\"#kapitel6\">Kapitel 6: Fokus auf Zielgruppe und optimales Einkaufserlebnis<\/a><br \/>\n<a href=\"#kapitel7\">Kapitel 7: Werbung und Marketingmix \u2013 die richtige Strategie<\/a><br \/>\n<a href=\"#kapitel8\">Kapitel 8: Blick in die Zukunft des Black Friday<\/a><br \/>\n<a href=\"#kapitel9\">Kapitel 9: Finale Tipps vom Handelsverband Bayern e.V.<\/a><br \/>\n<a href=\"#kapitel10\">Kapitel 10: Outro<\/a>[\/vc_column_text][vc_column_text]\n<h3 id=\"kapitel1\">Kapitel 1: Intro<\/h3>\n<p><em>Doreen:<\/em> Herzlich willkommen bei Erfolgsdruck \u2013 Stories aus dem Mittelstand, dem FLYERALARM Podcast \u00fcber Druckerei f\u00fcr Marketing und Business-Ideen. Ich bin Doreen.<\/p>\n<p><em>Marco:<\/em> Und ich bin Marco.<\/p>\n<p><em>Doreen:<\/em> Und wir sprechen heute \u00fcber den Black Friday. Marco, bist du denn so ein richtiger Black-Friday-Shopper?<\/p>\n<p><em>Marco:<\/em> Ach, na ja, wenn ich durch W\u00fcrzburg schlendere in der Altstadt und es ist gerade Black Friday, dann schlage ich schon mal zu. Aber ich bin jetzt niemand, der sich vorher irgendwie Angebote raussucht oder sich \u00fcberlegt, was man am Black Friday alles kaufen k\u00f6nnte, weil es g\u00fcnstiger sein k\u00f6nnte.<\/p>\n<p><em>Doreen:<\/em> Okay, bei mir ist das komplett anders. Aber um dich und mich geht\u2019s heute nicht, sondern wir haben mal auf der anderen Seite des Tresens nachgefragt \u2013 und zwar beim Handelsverband Bayern. Der Handelsverband Bayern arbeitet als Interessenvertretung f\u00fcr den Einzelhandel daran, die Situation f\u00fcr Einzelh\u00e4ndlerinnen und Einzelh\u00e4ndler auf kommunaler, Landkreis-, Bezirks- und L\u00e4nderebene zu verbessern und bietet auch direkte Beratung, zum Beispiel bei rechtlichen Fragen, an.<\/p>\n<p><em>Marco:<\/em> Genau. Und deswegen sitzen uns heute gegen\u00fcber der Volker Wedde \u2013 er ist Bezirksgesch\u00e4ftsf\u00fchrer beim Handelsverband Bayern f\u00fcr Unterfranken \u2013 und die Angelika Winkler. Sie ist im Bezirksvorstand vom Handelsverband Bayern und au\u00dferdem betreibt sie eine Modeboutique in Lohr und hat die Markthalle in Lohr ins Leben gerufen. Das ist so eine Eventlocation f\u00fcr Pop-up-Stores, Restaurants, Kunst und Kultur \u2013 und was da eben noch so dazugeh\u00f6rt. Und kurzer Hinweis: Wilma, Angelikas Hund, ist auch dabei. Vielleicht h\u00f6rt ihr ihn w\u00e4hrend der Aufnahme mal knurren, aber sie war sehr freundlich und wir haben sie gerne dabeigehabt. Viel Spa\u00df mit dem Interview.[\/vc_column_text][vc_column_text]\n<h3 id=\"kapitel2\">Kapitel 2: Erfolgsdruck im Handelsverband Bayern e.V. (HBE)<\/h3>\n<p><em>Doreen:<\/em> Hallo Volker, hallo Angelika und herzlich willkommen in unserem Podcast. Wann ist denn der Erfolgsdruck bei euch im Job so am gr\u00f6\u00dften?<\/p>\n<p><em>Angelika:<\/em> Also bei mir ist der Erfolgsdruck immer kurz vor Terminen am gr\u00f6\u00dften. Egal, ob es am Point of Sale ist, ob man eine Veranstaltung hat oder auch eine Podcastaufzeichnung. F\u00fcnf Minuten davor ziehe ich mir meistens die Fragen noch mal rein oder um was es geht \u2013 und dann bin ich on point, wie in der Schule schon.<\/p>\n<p><em>Volker:<\/em> Im Handelsverband ist der Erfolgsdruck eigentlich h\u00e4ufig da, einfach weil das ein sehr vielf\u00e4ltiges und sehr gro\u00dfes Aufgabengebiet ist, bei dem man eigentlich t\u00e4glich auch neue Sachen dazulernt. Aber was eben besonders immer eine Herausforderung ist, ist, aus Theorie etwas Konkretes zu machen. Also, dass man nicht nur irgendwelche Daten verarbeitet \u2013 zum Beispiel wenn neue Gesetze erlassen werden, dass wir dann einfach schauen: Wie kann man das f\u00fcr den Einzelhandel besser bewerkstelligen?<\/p>\n<p>Das neue Ladenschlussgesetz ist jetzt vor Kurzem verabschiedet worden und tritt am 1. August in Kraft. Da haben wir nat\u00fcrlich versucht, das auch f\u00fcr den Einzelhandel so hinzubekommen, dass es dann auch f\u00fcr jeden passt. Und da ist es dann so, dass es nat\u00fcrlich gro\u00dfe Unternehmen gibt, die manchmal andere Ansichten vertreten als eben kleine, inhabergef\u00fchrte Fachhandelsunternehmen. Und da versuchen wir immer, ein ordentliches Mittelma\u00df zu finden, dass sich jeder darin wiederfindet \u2013 und das ist dann manchmal eine Herausforderung.[\/vc_column_text][vc_column_text]\n<h3 id=\"kapitel3\">Kapitel 3: Einsch\u00e4tzung des Black Friday aus Sicht des HBE<\/h3>\n<p><em>Marco:<\/em> Wir sprechen heute ja \u00fcber den Black Friday \u2013 also quasi den Konsumtag \u00fcberhaupt, der so von Amerika inspiriert wurde und den es jetzt bei uns in Deutschland eigentlich auch schon seit vielen Jahren gibt. Wie sch\u00e4tzt denn der Handelsverband Bayern den Black Friday insgesamt ein \u2013 und vielleicht auch du pers\u00f6nlich, Volker?<\/p>\n<p><em>Volker:<\/em> Also ich pers\u00f6nlich kann mit dem Black Friday herzlich wenig anfangen. Da bin ich, glaube ich, nicht die Zielgruppe. F\u00fcr mich ist zum Beispiel die Dienstleistung viel, viel wichtiger als der Preis. Das merkt man immer wieder. Aber mittlerweile ist der Black Friday eben auch in Deutschland angekommen. Das ist vor einigen Jahren r\u00fcbergeschwappt. Und es ist eine gute M\u00f6glichkeit, um auch Innenst\u00e4dte oder die Frequenz in den Innenst\u00e4dten zu f\u00fcllen \u2013 als Sonderverkaufstag. Aber wir sprechen ja gleich sicherlich noch dr\u00fcber: Es gibt auch einige Dinge, die ich da kritisch bewerte.<\/p>\n<p><em>Doreen:<\/em> Und hat man da eine Entwicklung gesehen? Wie hat sich der Black Friday aus Sicht des Handelsverbands entwickelt \u2013 von der Randerscheinung zum festen Termin?<\/p>\n<p><em>Volker:<\/em> Ja. Also es war zun\u00e4chst einmal so, dass das nat\u00fcrlich \u00fcber den Onlinehandel gekommen ist. Dann fingen gro\u00dfe Onlineversender an, einen Black Friday zu machen, und das hat sich dann auch in den St\u00e4dten nach und nach etabliert. Am Anfang war das sogar markenrechtlich gesch\u00fctzt, der Begriff \u201eBlack Friday\u201c. Deswegen mussten wir hier in W\u00fcrzburg zum Beispiel einen \u201eSuper Shopping Friday\u201c machen \u2013 also eine Wortabwandlung, was aber mittlerweile zum Gl\u00fcck aufgehoben ist. Und das hat sich dann nach und nach in den Innenst\u00e4dten festgesetzt \u2013 und die Kunden achten da mittlerweile auch drauf.<\/p>\n<p><em>Marco:<\/em> Wir hatten auch mal eine Black-Friday-Aktion bei FLYERALARM. Ist auch schon eine Weile her.<\/p>\n<p><em>Doreen:<\/em> Was bedeutet denn der Black Friday so ganz konkret f\u00fcr die Praxis? Vielleicht mal an Angelika: Wie ist das, wenn man eine eigene Boutique hat oder eben so etwas wie die Markthalle in Lohr? Wie bereiten sich da H\u00e4ndlerinnen und H\u00e4ndler vor?<\/p>\n<p><em>Angelika:<\/em> Also, erstmal geht&#8217;s darum: Mache ich jeden Trend als H\u00e4ndlerin oder H\u00e4ndler mit? Es gibt ja viele kurzfristige Trends, bei denen man auch sehen muss: Passt das \u00fcberhaupt zu mir? Will ich so ein Early Adopter sein? Ist meine Zielgruppe \u00fcberhaupt auf so einen Trend vorbereitet? Denn es gibt ja nichts Schlimmeres, als wenn man vor zehn Jahren als kleine, vielleicht exklusive Boutique gesagt hat: \u201eWir machen beim Black Friday mit\u201c, und die Kundinnen 50 plus wissen damit \u00fcberhaupt nichts anzufangen. Deswegen sollte man schon immer von der Zielgruppe her ausdenken. Ich glaube aber, dass gerade der Black Friday wirklich in der ganz breiten Masse mittlerweile angekommen ist \u2013 und den sollte man auch mitnehmen. Die Frage ist nur: Wie nimmt man ihn konkret mit?[\/vc_column_text][vc_column_text]\n<h3 id=\"kapitel4\">Kapitel 4: Tipps und Beispiele aus der Praxis<\/h3>\n<p><em>Angelika:<\/em> Es gibt da einige gute Beispiele \u2013 dass man nicht nur diesen einen Tag als Kauftag nutzt, sondern dass man den Aktionszeitraum ein bisschen verl\u00e4ngert. Oder: Wenn man am Black Friday einkauft, ist ja sehr nah dran an Weihnachten. Viele sagen dann auch: \u201eDer zerst\u00f6rt mir mein Weihnachtsgesch\u00e4ft\u201c, weil: Warum sollen die Leute dann sp\u00e4ter noch mal zum regul\u00e4ren Preis kaufen, wenn sie es vorher schon zum reduzierten Preis bekommen haben? Dann ist eben auch die Frage, ob man sagt: Mensch, man bekommt einen Gutschein f\u00fcrs Weihnachtsgesch\u00e4ft mit dazu \u2013 also dass man den Kunden im besten Fall sogar bindet oder noch mal zum Kauf anregt.<\/p>\n<p><em>Doreen:<\/em> Das ist schon mal ein sehr guter Tipp. Auf jeden Fall. Welche Sachen haben sich da so in der Praxis bew\u00e4hrt bei dir in der Boutique? Oder habt ihr da \u00fcberhaupt schon mal mitgemacht \u2013 und wenn ja, wie?<\/p>\n<p><em>Angelika:<\/em> Also, in der Boutique ist es tats\u00e4chlich ein bisschen schwieriger, weil das nicht die Zielgruppe ist. Bei uns gibt&#8217;s eine Werbegemeinschaft \u2013 und das ist auch noch ein kleiner Tipp am Rande: Man sollte vielleicht als H\u00e4ndler oder H\u00e4ndlerin nicht alleine versuchen, so einen Tag zu bestreiten, sondern in Kooperation \u2013 und wenn es nur mit den Nachbargesch\u00e4ften ist \u2013 etwas gemeinsam auf die Beine zu stellen. Das wirkt meistens f\u00fcr die Kundschaft attraktiver, als wenn einer 10 % gibt, der andere 20, beim dritten gibt\u2019s irgendwas dazu \u2013 das ist un\u00fcberschaubar. Und dann tut man sich auch leichter, das Ganze zu bewerben \u2013 in welcher Form auch immer.<\/p>\n<p>In einem Gesch\u00e4ft wie der Markthalle, wo wirklich ein breites Zielpublikum angesprochen wird, sollte man wirklich schauen, dass man mit einem guten Rabatt einfach f\u00fcr diesen Tag rausgeht \u2013 und im besten Fall die Leute \u00fcber die Social-Media-Kan\u00e4le einf\u00e4ngt.<\/p>\n<p>Oder noch ein kleiner Tipp: Wenn man noch gar keinen Social-Media-Kanal hat, dann w\u00fcrde ich allen raten, die jetzt den Podcast h\u00f6ren, zu sagen: Das w\u00e4re doch mal der Startschuss. Denn da, wo sich der Kunde aufh\u00e4lt, da muss man heute einfach sein.[\/vc_column_text][vc_column_text]\n<h3 id=\"kapitel5\">Kapitel 5: Chancen und Herausforderungen f\u00fcr den station\u00e4ren Einzelhandel<\/h3>\n<p><em>Marco:<\/em> Also, ich aus meiner eigenen Erfahrung \u2013 wenn ich jetzt ahne, in ein paar Wochen steht der Black Friday an \u2013 dann stelle ich bei mir schon fest: Wenn ich mir jetzt \u00fcberlege, diese oder jene Investition will ich t\u00e4tigen \u2013 jetzt als Beispiel mal ein neuer Rasierapparat oder so \u2013 dann schaue ich schon: Ich warte lieber noch zwei, drei, vielleicht vier Wochen und gucke dann am Black Friday, ob es den da vielleicht mit Rabatt gibt.<\/p>\n<p>Ist das eine von den Gefahren des Black Friday \u2013 dass vorher die Konsumlaune und nachher so ein bisschen sinkt?<\/p>\n<p><em>Volker:<\/em> Ja, also die H\u00e4ndler berichten auch regelm\u00e4\u00dfig, dass, wenn sie sich dagegen entscheiden, nicht mitzumachen, die Kunden dann einfach fernbleiben. Also, da stellen sich die Kunden schon drauf ein. Die Chance von so einem Tag ist \u2013 gerade f\u00fcr den station\u00e4ren Handel \u2013 eine Imageaktion draus zu machen oder ein Event, wie Angelika schon gesagt hat. Gemeinschaftlich, um Menschen in die Innenstadt zu locken.<\/p>\n<p>Die Gefahr ist nat\u00fcrlich \u2013 wir haben im Einzelhandel auch keine riesigen Margen. Wenn wir durchschnittlich schauen, dass von 100 ausgegebenen Euro beim Kunden etwa f\u00fcnf Euro an Gewinn \u00fcbrig bleiben nach Abzug der Kosten \u2013 und wir darauf noch mal einen Nachlass geben \u2013 dann rutscht man auch sehr schnell in den Nullbereich oder sogar in den Minusbereich. Das muss man bei solchen Aktionen immer beachten.<\/p>\n<p>Deswegen haben wir jetzt auch gesagt: Okay, wir wollen nicht immer nur ausschlie\u00dflich auf Rabatte gehen \u2013 die geh\u00f6ren dazu. Aber es gibt auch noch viele andere M\u00f6glichkeiten, das lebhaft und attraktiv zu gestalten \u2013 mit Gewinnspielen oder zum Beispiel einem DJ im Gesch\u00e4ft. Dass man das ein bisschen abwandelt, denn beim reinen Onlinehandel geht es wirklich nur um den Preis. Im station\u00e4ren Handel kann man eben auch dem Kunden einen sch\u00f6nen Tag bieten \u2013 Rabatte geh\u00f6ren dazu, aber auch andere sch\u00f6ne Dinge.<\/p>\n<p><em>Marco:<\/em> Aber ich meine, das ist ja auch eine gute M\u00f6glichkeit, um vielleicht Kundinnen und Kunden ins Gesch\u00e4ft zu locken, die sonst vielleicht nicht reingeschaut h\u00e4tten. Zum Beispiel, wenn es einen Klamottenladen in der Innenstadt gibt, der mir als Kunde sonst ein bisschen zu teuer ist. Aber wenn ich jetzt einen Black-Friday-Rabatt sehe, denke ich mir: Ah, okay, jetzt gibt\u2019s 10 %, 15 %, 20 % \u2013 ich schau mal rein, vielleicht finde ich was in meiner Preisrange. Und dann erwische ich da aber eine Topverk\u00e4uferin oder einen Topverk\u00e4ufer und denke mir: Eigentlich ist es mir das wert. Und vielleicht komme ich in Zukunft ja \u00f6fter \u2013 und lasse auch mal zum Normalpreis Geld da.<\/p>\n<p><em>Volker:<\/em> Ja, das ist auf jeden Fall gut. Der H\u00e4ndler oder das Handelsunternehmen muss immer auch schauen, dass er auf seine Kosten kommt. Und wenn das hinhaut, dann ist das wirklich eine gute Sache. Ganz ohne Aktion geht\u2019s auch nicht. Der Einzelhandel nutzt diese Aktion auch, um Ware abzuschleusen. Wir kennen ja noch die Winter- und Sommerschlussverk\u00e4ufe. Das ist auch ein Steuerungsinstrument f\u00fcr den Einzelhandel. Aktionen sind per se nicht schlecht.<\/p>\n<p>Problematisch wird\u2019s eher, wenn kurz vor Weihnachten \u2013 wo man eigentlich noch hofft, normal kalkulieren zu k\u00f6nnen und das keine Ausverkaufsware ist \u2013 zu viele Aktionen laufen. Denn es kommen ja auch schon wieder neue, preisorientierte Themen \u2013 und das ist dann vielleicht zu viel. Der Einzelhandel braucht auch mal eine Zeit, in der er normal kalkulieren kann.<\/p>\n<p><em>Doreen:<\/em> Also lieber kreativ werden \u2013 und am besten mit den Nachbarl\u00e4den, wenn man ein gutes Verh\u00e4ltnis hat, die K\u00f6pfe zusammenstecken und schauen: Was k\u00f6nnen wir daraus machen? Anstatt einfach zu schauen, wie tief kriege ich den Preis an diesem einen Tag.[\/vc_column_text][vc_column_text]\n<h3 id=\"kapitel6\">Kapitel 6: Fokus auf Zielgruppe und optimales Einkaufserlebnis<\/h3>\n<p><em>Angelika:<\/em> Was H\u00e4ndlerinnen und H\u00e4ndler manchmal aus den Augen verlieren \u2013 empfinde ich so \u2013 ist ihre Kundschaft. Und der muss das Angebot ja schmecken. Bei dem massiven Angebot, das wir in Innenst\u00e4dten haben \u2013 in gr\u00f6\u00dferen St\u00e4dten \u2013 muss man einfach aufpassen. Der Kunde geht dann einfach zum g\u00fcnstigsten Preis oder dahin, wo es am attraktivsten aussieht, weil er eben die enorme Auswahl hat. Und da muss man auch ein bisschen dieses Kirchturmdenken \u2013 \u201enur mein Gesch\u00e4ft ist das einzig Wahre\u201c \u2013 beiseitelegen.<\/p>\n<p>Man muss sagen: Nein, wir gehen lieber zusammen auf den Kunden zu, machen es so noch attraktiver, und dann entdeckt er mich vielleicht in der Masse.<\/p>\n<p><em>Marco:<\/em> Dann wirkt so ein Preisnachlass vielleicht auch ein bisschen nachhaltiger und l\u00e4nger, als nur an einem Tag. Denn \u2013 wenn man sich jetzt mal so gro\u00dfe US-Shopping-Malls vorstellt, Black Friday, T\u00fcr geht auf, 150 Leute st\u00fcrmen rein und schlagen sich um ein rabattiertes iPhone \u2013 da hat der H\u00e4ndler au\u00dfer TV-Zeit wahrscheinlich nicht viel davon.<\/p>\n<p><em>Doreen:<\/em> Gerade kleine Einzelh\u00e4ndler oder -h\u00e4ndlerinnen, die nicht zu gro\u00dfen Ketten geh\u00f6ren \u2013 damit kann man ja gar nicht konkurrieren, zum Beispiel wenn man eine Boutique f\u00fchrt.<\/p>\n<p><em>Angelika:<\/em> Das ist dann oft das Problem in Kleinst\u00e4dten, wo die Auswahl sowieso kleiner ist. Mit dem Internet kann der station\u00e4re Einzelhandel sowieso nie dagegen anhalten, denn online ist die Auswahl gr\u00f6\u00dfer \u2013 und man wird fast immer was G\u00fcnstigeres finden. Aber was wir k\u00f6nnen, ist ein Kauferlebnis in der Innenstadt schaffen \u2013 eine reale Bindung. Und auch den Leuten klar machen: Du wohnst hier \u2013 also bist du auch mitverantwortlich daf\u00fcr, wie deine Innenstadt aussieht. Und das entscheidet eben auch dein Kaufverhalten.<\/p>\n<p><em>Volker:<\/em> Zwei Sachen. Also einmal: Du hast gerade das mit dem H\u00e4ndler angesprochen, der mit Rabatten Menschen ins Gesch\u00e4ft lockt und damit bindet \u2013 das finde ich richtig. Aber einen ganz entscheidenden Punkt hast du da auch angesprochen: Es geht nat\u00fcrlich auch um die Dienstleistung. Und das ist eben ein Punkt, der bei uns in Deutschland vielleicht nicht so gesehen wird. Ich habe aber viele Beispiele, bei denen ich die Dienstleistung einfach auch ben\u00f6tige \u2013 und wenn die gut gemacht ist, dann sch\u00e4tze ich das auch wert.<\/p>\n<p>Und das andere ist: Wenn man mal genau hinschaut \u2013 ich bin eher ein bisschen zwiegespalten, wenn es darum geht, dass im Internet alles g\u00fcnstiger ist. Das stimmt so pauschal nicht. Wenn wir zum Beispiel auf Markenware schauen oder \u00c4hnliches: Ich war zum Beispiel in der Markthalle in Lohr, gef\u00fchrt von der Angelika. Und da habe ich Sonnengl\u00e4ser gekauft \u2013 das sind solche Gl\u00e4ser mit Solarplatte oben drauf, damit werden Projekte in Afrika unterst\u00fctzt oder so. Und die habe ich dort g\u00fcnstiger gefunden als im Internet. Ich habe extra noch mal recherchiert \u2013 die gab es auch nicht g\u00fcnstiger online. Deswegen glaube ich: Nat\u00fcrlich ist manches online g\u00fcnstiger, aber der genauere Blick lohnt sich immer.[\/vc_column_text][vc_column_text]\n<h3 id=\"kapitel7\">Kapitel 7: Werbung und Marketingmix \u2013 die richtige Strategie<\/h3>\n<p><em>Doreen:<\/em> Eine ganz andere Frage: Wenn wir \u00fcber solche Aktionstage oder Aktionswochen generell sprechen \u2013 welche Art von Werbung oder Marketing-Mix hat sich denn da f\u00fcr den Handel bew\u00e4hrt? Ist es gut, wenn man einen m\u00f6glichst breiten Mix f\u00e4hrt oder sich eher auf Printwerbung oder Social Media beschr\u00e4nkt? Wie ist das so im Handel?<\/p>\n<p><em>Angelika:<\/em> Zielgruppe \u2013 darauf muss man sich wirklich fokussieren. Was biete ich f\u00fcr ein Produkt an? Wer kauft das? Was f\u00fcr den einen Laden gut ist, muss nicht automatisch f\u00fcr den anderen gut sein.<\/p>\n<p>Generell w\u00fcrde ich sagen: Je breiter man aufgestellt ist \u2013 also ein bisschen Online, ein bisschen Print, ein bisschen Social Media \u2013 f\u00e4hrt man heutzutage ganz gut. Aber wenn man es richtig machen m\u00f6chte \u2013 und das wollen wir ja am Ende des Tages, und so beraten wir auch die H\u00e4ndlerinnen und H\u00e4ndler \u2013 dann schaut man: Wo ist deine Zielgruppe unterwegs? Und genau da musst du dann auch werbetechnisch aktiv sein.<\/p>\n<p>Vielleicht noch ein Punkt: Es gibt ja immer diese Frage nach der Digitalisierungsstrategie \u2013 hat ein Unternehmen schon eine? Und ich finde es immer ganz interessant, wenn Unternehmen sagen: \u201eJa, meine Digitalisierungsstrategie ist, dass ich nicht digital auftrete\u201c, und das dann auch begr\u00fcnden k\u00f6nnen. Es gibt zum Beispiel Unternehmen, die haben ihre Zielgruppe \u2013 und die m\u00f6chten einfach auch das Erlebnis im Laden. Und dann rechnet sich das eben f\u00fcr den Unternehmer nicht.<\/p>\n<p>Auf der anderen Seite ist es nat\u00fcrlich so, dass Social Media oder ein Online-Auftritt mittlerweile einfach dazugeh\u00f6rt. Onlinevertrieb \u2013 das ist eher weniger. Also viele H\u00e4ndler sind zwar im Onlinevertrieb aktiv, aber dann eher auf Plattformen. Einen eigenen Onlineshop aufzubauen, das nimmt eher ab, weil das wahnsinnig viele Kosten und viel Zeit bindet. Das kann man sich oft nicht leisten \u2013 und gerade mit R\u00fccksendequoten und \u00c4hnlichem muss das genau durchgerechnet werden.<\/p>\n<p>Also finde ich es richtig, genau zu schauen, was f\u00fcr einen selbst passt.<\/p>\n<p><em>Doreen:<\/em> So eine kleine Homepage mit \u201eUnser Team\u201c, \u201eUnsere Motivation\u201c und \u201eUnsere \u00d6ffnungszeiten\u201c schadet wahrscheinlich nicht.<\/p>\n<p><em>Volker:<\/em> Ja, das ist schon richtig \u2013 und die sollte man mittlerweile auch ordentlich und ansprechend gestalten. FLYERALARM bietet da ja auch vieles an \u2013 da kann man durchaus mal hinschauen. [lacht] Nein, sie sollte schon modern und ansprechend sein \u2013 nicht so eine HTML-Seite aus alten Zeiten, mit farbigem Hintergrund und bunter Schrift. Das f\u00e4llt zwar auf, aber\u2026 [lacht][\/vc_column_text][vc_column_text]\n<h3 id=\"kapitel8\">Kapitel 8: Blick in die Zukunft des Black Friday<\/h3>\n<p><em>Marco:<\/em> Vielleicht wagen wir einfach mal einen kleinen Blick in die Zukunft \u2013 sagen wir mal in f\u00fcnf oder zehn Jahren. Wie sieht denn die Zukunft des Black Friday aus? Was ist eure Einsch\u00e4tzung?<\/p>\n<p><em>Angelika:<\/em> Der ist gekommen, um zu bleiben \u2013 glaube ich. Daf\u00fcr ist er einfach zu gro\u00df, zu international und hat sich zu sehr etabliert. Das ist ein bisschen wie mit Halloween. Das war vor zehn Jahren auch noch nicht so verbreitet, aber mittlerweile ist es in unseren K\u00f6pfen angekommen \u2013 die Kinder gehen rum und klingeln. Genauso ist es mit dem Black Friday.<\/p>\n<p>Die Frage ist nur: Es gibt ja auch noch den Cyber Monday, und es kommt immer mehr dazu. Muss man da bei allem mitmachen? Oder ist es dann am Ende wie bei einer bekannten Kette: Es gibt immer 20\u202f% auf alles \u2013 au\u00dfer auf Tiernahrung. Dahin soll es ja auch nicht abdriften.<\/p>\n<p>Weil dann passiert genau das, was Volker vorhin auch schon angesprochen hat: Im Internet ist nicht automatisch alles g\u00fcnstiger \u2013 aber es wird einfach ein Preis um 20\u202f% hochgesetzt, um ihn dann im Rabatt wieder runterzurechnen. Das ist ein Mondscheinpreis, der dann zur Aktion einfach als Rabatt verkauft wird, damit man seine Marge noch mit einkalkulieren kann. Denn am Ende des Tages brauchen H\u00e4ndlerinnen und H\u00e4ndler nat\u00fcrlich auch ihren Gewinn.<\/p>\n<p><em>Volker:<\/em> Ich glaube auch, dass der Black Friday bleiben wird. Wir sollten aber darauf achten, dass nicht noch st\u00e4ndig neue Tage von \u00fcberall dazukommen \u2013 denn das verwirrt die Kundschaft. Ich habe zum Beispiel gar keine Lust, st\u00e4ndig darauf zu achten, wann welcher Aktionstag ist. Ich m\u00f6chte etwas haben \u2013 und dann suche ich mir eben da, wo ich es bekomme. Wenn es dann zuf\u00e4llig g\u00fcnstiger ist, freue ich mich. Aber ich bin mittlerweile von all den Sales so \u00fcberfrachtet, dass ich gar nicht mehr wei\u00df, wann was ist. Und das sollten wir vermeiden.<\/p>\n<p>Jetzt kommen durch den Onlinehandel noch andere Tage dazu \u2013 der Prime Day, der Singles Day, die kommen aus dem Osten, also aus Asien, glaube ich. Und das sollten wir einfach lassen. Denn der Black Friday hat zumindest in Amerika eine gewisse Historie. Wenn wir das einfach so auf Deutschland \u00fcbertragen, wird es zur reinen Rabattaktion \u2013 und das bringt nichts.<\/p>\n<p><em>Marco:<\/em> Letztes Jahr habe ich in einem Onlineshop \u2013 ich wei\u00df leider nicht mehr, welchem \u2013 eine Aktion gesehen, die ich total erfrischend fand. Da stand: \u201eUnsere Preise sind so und so kalkuliert\u201c \u2013 und das wurde transparent aufgelistet. Und darunter stand: \u201eDeswegen gibt es bei uns keinen Black-Friday-Rabatt.\u201c Das fand ich richtig cool. Leider hat die Hose, die ich bestellt hatte, nicht gepasst \u2013 ich musste sie zur\u00fcckschicken. Aber ich habe mir danach trotzdem noch andere Produkte in dem Shop angeschaut.<\/p>\n<p><em>Volker:<\/em> Ich finde es wichtig, dass wir auch \u00f6ffentlich machen, wie der Einzelhandel kalkuliert. Viel Umsatz ist sch\u00f6n und gut \u2013 aber ich kenne Unternehmen, die machen mit wenig Umsatz eine hohe Rentabilit\u00e4t, also hohen Gewinn. Und andere machen mit viel Umsatz Minus. Das sind betriebswirtschaftliche Mechanismen, die man genau beobachten muss. Und dann haben wir aktuell noch Kostensteigerungen, wie jeder andere auch \u2013 Energie usw. Und momentan herrscht auch Kaufzur\u00fcckhaltung.<\/p>\n<p>Da bietet sich eine Aktion wie der Black Friday nat\u00fcrlich an. Aber insgesamt f\u00fchrt es eben dazu, dass der Einzelhandel derzeit mit weniger Umsatz und h\u00f6heren Kosten seine Rentabilit\u00e4t erreichen muss \u2013 und das ist eine wirklich angespannte Lage. Hohe Rabatte sind da nicht immer machbar.[\/vc_column_text][vc_column_text]\n<h3 id=\"kapitel9\">Kapitel 9: Finale Tipps vom Handelsverband Bayern e.V.<\/h3>\n<p><em>Doreen:<\/em> Das hei\u00dft: Zu guter Letzt \u2013 was ist euer ultimativer Tipp f\u00fcr H\u00e4ndlerinnen und H\u00e4ndler, die dieses Jahr zum ersten Mal sagen: \u201eIch m\u00f6chte beim Black Friday mitmachen\u201c?<\/p>\n<p><em>Volker:<\/em> Also: Mitmachen \u2013 ja, weil die Kunden sich darauf einstellen. Aber ganz wichtig: genau \u00fcberlegen, wie ich mitmache. Es ist vielleicht ein bisschen zu einfach, einfach ein rotes Schild ins Schaufenster zu h\u00e4ngen und alles zu reduzieren. Stattdessen sollte man sich genau anschauen: Habe ich zum Beispiel Ware, die ich gezielt g\u00fcnstiger absto\u00dfen kann? Gibt es vielleicht etwas neben dem reinen Rabatt, das ich meinen Kundinnen und Kunden anbieten kann \u2013 sodass das Einkaufen auch Spa\u00df macht? Und das sollte es ja gerade im station\u00e4ren Handel tun.<\/p>\n<p>Wenn wir einfach nur Ware verkaufen w\u00fcrden, dann w\u00e4re das ja auch nichts Besonderes. Das haben wir in der Pandemie gesehen \u2013 was ist, wenn einfach nichts los ist? Ich glaube, das w\u00fcnscht sich niemand: leere Innenst\u00e4dte. Und das h\u00e4ngt stark damit zusammen, dass die Wirtschaftskraft \u2013 nicht nur der Einzelhandel, sondern auch Gastronomie und Dienstleistungen \u2013 in den Innenst\u00e4dten erhalten bleibt.<\/p>\n<p><em>Angelika:<\/em> Mein ultimativer Tipp: Nicht nur auf den einen Tag fokussieren \u2013 sondern versuchen, den Black Friday f\u00fcr sich l\u00e4nger zu nutzen. Bei uns geht er zum Beispiel von Mittwoch bis Samstag. Denn am Freitag st\u00fcrmen die Kunden vielleicht erstmal zu den gro\u00dfen Namen, die viel Werbebudget haben. Aber wenn ich den Zeitraum ein bisschen strecke, erh\u00f6he ich meine Chancen.<\/p>\n<p>Und auch weiterdenken: Vielleicht gibt\u2019s zus\u00e4tzlich einen Einkaufsgutschein f\u00fcrs Weihnachtsgesch\u00e4ft. Oder man vergibt eine Kundenkarte \u2013 so kommt der Kunde im besten Fall wieder.<\/p>\n<p>Last but not least: Das Ganze auch in die Online-Kan\u00e4le verl\u00e4ngern, wenn man welche hat. Also wenn der Kunde im Gesch\u00e4ft ist \u2013 vielleicht eine kleine Challenge draus machen: Er macht ein Foto mit dem Hashtag des Ladens, und unter allen Teilnehmenden wird am Ende ein Special-Preis verlost. Und wenn es nur ein Einkaufsgutschein ist \u2013 auch damit verl\u00e4ngert man den Kaufanreiz und st\u00e4rkt die Kundenbindung.<\/p>\n<p><em>Doreen:<\/em> Vielen Dank f\u00fcr die vielen Tipps und das spannende Gespr\u00e4ch!<\/p>\n<p><em>Volker und Angelika:<\/em> Sehr gerne.<\/p>\n<p><em>Marco:<\/em> Danke!<\/p>\n<p><em>Doreen:<\/em> Tsch\u00fcss.[\/vc_column_text][vc_column_text]\n<h3 id=\"kapitel10\">Kapitel 10: Outro<\/h3>\n<p><em>Marco:<\/em> Also ich finde, dem Fazit von Volker und Angelika ist eigentlich nichts mehr hinzuzuf\u00fcgen. Wenn ihr jetzt als Einzelh\u00e4ndler oder Einzelh\u00e4ndlerin dieses Jahr beim Black Friday durchstarten wollt \u2013 und vielleicht sogar langfristig davon profitieren m\u00f6chtet \u2013 dann schaut einfach mal auf flyeralarm.com. Dort findet ihr Inspiration und alles, was ihr braucht.<\/p>\n<p><em>Doreen:<\/em> Was ihr unbedingt auch braucht, ist die n\u00e4chste, \u00fcbern\u00e4chste und \u00fcber\u00fcbern\u00e4chste Folge unseres Podcasts. Also: Abonniert unseren Podcast und folgt FLYERALARM auf Social Media. Wir sagen: Tsch\u00fcss \u2013 und bis bald!<\/p>\n<p><em>Marco:<\/em> Tsch\u00fcss![\/vc_column_text][\/tab][\/tabbed_section][vc_column_text]\n<h3>Shownotes<\/h3>\n<p>Der Black Friday gilt als einer der umsatzst\u00e4rksten Tage des Jahres \u2013 aber wie k\u00f6nnen auch kleine Gesch\u00e4fte und Selbstst\u00e4ndige davon profitieren, ohne sich im Rabatt-Kampf zu verlieren? Dar\u00fcber sprechen wir mit Volker Wedde, Bezirksvorsitzender des Handelsverbands Bayern e.V. (kurz HBE) f\u00fcr Unterfranken, und Angelika Winkler, Vorstandsmitglied des HBE, Boutique-Betreiberin und Gr\u00fcnderin der \u201eMarkthalle\u201c in Lohr am Main.<\/p>\n<p>Im Gespr\u00e4ch teilen die beiden ihre Einsch\u00e4tzung zum Black Friday aus Sicht des regionalen Einzelhandels, geben Einblicke in erfolgreiche Praxisbeispiele und verraten, wie kleine H\u00e4ndlerinnen und H\u00e4ndler den Aktionstag strategisch clever f\u00fcr sich nutzen k\u00f6nnen.<\/p>\n<p>Du erf\u00e4hrst dabei:<\/p>\n<p>\u2022 welche Chancen, aber auch H\u00fcrden der Black Friday f\u00fcr kleine Gesch\u00e4fte birgt,<br \/>\n\u2022 welche Ma\u00dfnahmen im Einzelhandel besonders gut funktionieren,<br \/>\n\u2022 welche Werbeformen sich rund um den Black Friday bew\u00e4hrt haben,<br \/>\n\u2022 wie du den Aktionstag strategisch f\u00fcr dein Gesch\u00e4ft nutzen kannst,<br \/>\n\u2022 welche Tipps der Handelsverband Bayern e.V. aus der Praxis empfiehlt.<\/p>\n<p>Viel Spa\u00df beim Zuh\u00f6ren!<\/p>\n<p>Handelsverband Bayern e.V. Webseite: <a href=\"https:\/\/www.hv-bayern.de\/\" target=\"_blank\" rel=\"noopener\">https:\/\/www.hv-bayern.de\/<\/a><br \/>\nDie Markthalle Lohr am Main: <a href=\"https:\/\/markthalle-lohr.de\/\" target=\"_blank\" rel=\"noopener\">https:\/\/markthalle-lohr.de\/<\/a><br \/>\nVolker Wedde auf LinkedIn: <a href=\"https:\/\/www.linkedin.com\/in\/volker-wedde-286929281\/\" target=\"_blank\" rel=\"noopener\">https:\/\/www.linkedin.com\/in\/volker-wedde-286929281\/<\/a><br \/>\nAngelika Winkler auf LinkedIn: <a href=\"https:\/\/www.linkedin.com\/in\/angelika-winkler-61b3171a3\/\" target=\"_blank\" rel=\"noopener\">https:\/\/www.linkedin.com\/in\/angelika-winkler-61b3171a3\/<\/a><br \/>\nHinterlass uns gerne einen Kommentar zu dieser Folge auf Social Media: <a href=\"https:\/\/www.instagram.com\/flyeralarm.official\" target=\"_blank\" rel=\"noopener\">https:\/\/www.instagram.com\/flyeralarm.official<\/a>[\/vc_column_text][divider line_type=&#8220;No Line&#8220; custom_height=&#8220;15&#8243;][nectar_btn size=&#8220;small&#8220; open_new_tab=&#8220;true&#8220; button_style=&#8220;regular&#8220; button_color_2=&#8220;Accent-Color&#8220; icon_family=&#8220;none&#8220; text=&#8220;Weitere Podcast-Episoden \u25ba&#8220; url=&#8220;https:\/\/www.flyeralarm.com\/blog\/de\/podcast&#8220;][divider line_type=&#8220;Full Width Line&#8220; line_thickness=&#8220;1&#8243; divider_color=&#8220;default&#8220;][\/vc_column][\/vc_row][vc_row type=&#8220;in_container&#8220; full_screen_row_position=&#8220;middle&#8220; column_margin=&#8220;default&#8220; column_direction=&#8220;default&#8220; column_direction_tablet=&#8220;default&#8220; column_direction_phone=&#8220;default&#8220; scene_position=&#8220;center&#8220; text_color=&#8220;dark&#8220; text_align=&#8220;left&#8220; row_border_radius=&#8220;none&#8220; row_border_radius_applies=&#8220;bg&#8220; overflow=&#8220;visible&#8220; overlay_strength=&#8220;0.3&#8243; gradient_direction=&#8220;left_to_right&#8220; shape_divider_position=&#8220;bottom&#8220; bg_image_animation=&#8220;none&#8220;][vc_column column_padding=&#8220;padding-1-percent&#8220; column_padding_tablet=&#8220;inherit&#8220; column_padding_phone=&#8220;inherit&#8220; column_padding_position=&#8220;all&#8220; column_element_direction_desktop=&#8220;default&#8220; column_element_spacing=&#8220;default&#8220; desktop_text_alignment=&#8220;default&#8220; tablet_text_alignment=&#8220;default&#8220; phone_text_alignment=&#8220;default&#8220; background_color_opacity=&#8220;1&#8243; background_hover_color_opacity=&#8220;1&#8243; column_backdrop_filter=&#8220;none&#8220; column_shadow=&#8220;none&#8220; column_border_radius=&#8220;none&#8220; column_link_target=&#8220;_self&#8220; column_position=&#8220;default&#8220; gradient_direction=&#8220;left_to_right&#8220; overlay_strength=&#8220;0.3&#8243; width=&#8220;1\/1&#8243; tablet_width_inherit=&#8220;default&#8220; animation_type=&#8220;default&#8220; bg_image_animation=&#8220;none&#8220; border_type=&#8220;simple&#8220; column_border_width=&#8220;1px&#8220; column_border_color=&#8220;#e6001e&#8220; column_border_style=&#8220;solid&#8220; column_padding_type=&#8220;default&#8220; gradient_type=&#8220;default&#8220;][vc_column_text]\n<h2 id=\"definition\">Was passiert am Black Friday?<\/h2>\n[\/vc_column_text][divider line_type=&#8220;No Line&#8220; custom_height=&#8220;15&#8243;][vc_column_text]Immer am ersten Freitag nach Thanksgiving (im Jahr 2025 ist das der 28. November) legen allein Kundinnen und Kunden in Deutschland j\u00e4hrlich Milliarden auf den Tisch. Doch das Shopping-Event mit Ursprung in den USA ist nicht nur etwas f\u00fcr Internetgiganten und Elektronik-Riesen wie Amazon, MediaMarkt und Co. Auch kleine und mittelst\u00e4ndische Unternehmen, Selbstst\u00e4ndige, Einzelh\u00e4ndlerinnen und Einzelh\u00e4ndler, Dienstleistungsfirmen, Fitnessstudios und sogar gastronomische Betriebe k\u00f6nnen vom Hype um den Black Friday. Sie haben nicht die M\u00f6glichkeit immense Rabatte geben? Kein Problem. Mit ein wenig Kreativit\u00e4t nehmen Sie den Aktionstag mit einem dicken Umsatzplus auch f\u00fcr Ihr Gesch\u00e4ft mit.[\/vc_column_text][\/vc_column][\/vc_row][vc_row type=&#8220;in_container&#8220; full_screen_row_position=&#8220;middle&#8220; column_margin=&#8220;default&#8220; column_direction=&#8220;default&#8220; column_direction_tablet=&#8220;default&#8220; column_direction_phone=&#8220;default&#8220; scene_position=&#8220;center&#8220; text_color=&#8220;dark&#8220; text_align=&#8220;left&#8220; row_border_radius=&#8220;none&#8220; row_border_radius_applies=&#8220;bg&#8220; overflow=&#8220;visible&#8220; overlay_strength=&#8220;0.3&#8243; gradient_direction=&#8220;left_to_right&#8220; shape_divider_position=&#8220;bottom&#8220; bg_image_animation=&#8220;none&#8220;][vc_column column_padding=&#8220;no-extra-padding&#8220; column_padding_tablet=&#8220;inherit&#8220; column_padding_phone=&#8220;inherit&#8220; column_padding_position=&#8220;all&#8220; column_element_direction_desktop=&#8220;default&#8220; column_element_spacing=&#8220;default&#8220; desktop_text_alignment=&#8220;default&#8220; tablet_text_alignment=&#8220;default&#8220; phone_text_alignment=&#8220;default&#8220; background_color_opacity=&#8220;1&#8243; background_hover_color_opacity=&#8220;1&#8243; column_backdrop_filter=&#8220;none&#8220; column_shadow=&#8220;none&#8220; column_border_radius=&#8220;none&#8220; column_link_target=&#8220;_self&#8220; column_position=&#8220;default&#8220; gradient_direction=&#8220;left_to_right&#8220; overlay_strength=&#8220;0.3&#8243; width=&#8220;1\/1&#8243; tablet_width_inherit=&#8220;default&#8220; animation_type=&#8220;default&#8220; bg_image_animation=&#8220;none&#8220; border_type=&#8220;simple&#8220; column_border_width=&#8220;none&#8220; column_border_style=&#8220;solid&#8220;][vc_column_text]\n<h2 id=\"branche\">F\u00fcr jede Branche das richtige Konzept<\/h2>\n[\/vc_column_text][\/vc_column][\/vc_row][vc_row type=&#8220;in_container&#8220; full_screen_row_position=&#8220;middle&#8220; column_margin=&#8220;default&#8220; column_direction=&#8220;default&#8220; column_direction_tablet=&#8220;default&#8220; column_direction_phone=&#8220;default&#8220; scene_position=&#8220;center&#8220; text_color=&#8220;dark&#8220; text_align=&#8220;left&#8220; row_border_radius=&#8220;none&#8220; row_border_radius_applies=&#8220;bg&#8220; overflow=&#8220;visible&#8220; overlay_strength=&#8220;0.3&#8243; gradient_direction=&#8220;left_to_right&#8220; shape_divider_position=&#8220;bottom&#8220; bg_image_animation=&#8220;none&#8220;][vc_column column_padding=&#8220;no-extra-padding&#8220; column_padding_tablet=&#8220;inherit&#8220; column_padding_phone=&#8220;inherit&#8220; column_padding_position=&#8220;all&#8220; column_element_direction_desktop=&#8220;default&#8220; column_element_spacing=&#8220;default&#8220; desktop_text_alignment=&#8220;default&#8220; tablet_text_alignment=&#8220;default&#8220; phone_text_alignment=&#8220;default&#8220; background_color_opacity=&#8220;1&#8243; background_hover_color_opacity=&#8220;1&#8243; column_backdrop_filter=&#8220;none&#8220; column_shadow=&#8220;none&#8220; column_border_radius=&#8220;none&#8220; column_link_target=&#8220;_self&#8220; column_position=&#8220;default&#8220; gradient_direction=&#8220;left_to_right&#8220; overlay_strength=&#8220;0.3&#8243; width=&#8220;1\/1&#8243; tablet_width_inherit=&#8220;default&#8220; animation_type=&#8220;default&#8220; bg_image_animation=&#8220;none&#8220; border_type=&#8220;simple&#8220; column_border_width=&#8220;none&#8220; column_border_style=&#8220;solid&#8220;][vc_column_text]Das Wichtigste beim Veranstalten von Aktionstagen, wie etwa dem Black Friday, ist nat\u00fcrlich Ihre eigene Zielgruppe. Auch Angelika Winkler, Unternehmerin und Vorstandsmitglied des Handelsverband Bayern e.V. spricht im Interview mit den Hosts des FLYERALARM Podcast von einem Angebot, dass Ihren Kundinnen und Kunden &#8222;schmecken&#8220; muss. Daher sollten Sie, egal welcher Art Ihr Gesch\u00e4ft sein mag, immer von der Zielgruppe her ausdenken und Ihre Black Friday Aktion entsprechend adaptieren. Hier kommen einige erste Denkanst\u00f6\u00dfe.[\/vc_column_text][\/vc_column][\/vc_row][vc_row type=&#8220;in_container&#8220; full_screen_row_position=&#8220;middle&#8220; column_margin=&#8220;default&#8220; column_direction=&#8220;default&#8220; column_direction_tablet=&#8220;default&#8220; column_direction_phone=&#8220;default&#8220; scene_position=&#8220;center&#8220; text_color=&#8220;dark&#8220; text_align=&#8220;left&#8220; row_border_radius=&#8220;none&#8220; row_border_radius_applies=&#8220;bg&#8220; overflow=&#8220;visible&#8220; overlay_strength=&#8220;0.3&#8243; gradient_direction=&#8220;left_to_right&#8220; shape_divider_position=&#8220;bottom&#8220; bg_image_animation=&#8220;none&#8220;][vc_column column_padding=&#8220;no-extra-padding&#8220; column_padding_tablet=&#8220;inherit&#8220; column_padding_phone=&#8220;inherit&#8220; column_padding_position=&#8220;all&#8220; column_element_direction_desktop=&#8220;default&#8220; column_element_spacing=&#8220;default&#8220; desktop_text_alignment=&#8220;default&#8220; tablet_text_alignment=&#8220;default&#8220; phone_text_alignment=&#8220;default&#8220; background_color_opacity=&#8220;1&#8243; background_hover_color_opacity=&#8220;1&#8243; column_backdrop_filter=&#8220;none&#8220; column_shadow=&#8220;none&#8220; column_border_radius=&#8220;none&#8220; column_link_target=&#8220;_self&#8220; column_position=&#8220;default&#8220; gradient_direction=&#8220;left_to_right&#8220; overlay_strength=&#8220;0.3&#8243; width=&#8220;1\/1&#8243; tablet_width_inherit=&#8220;default&#8220; animation_type=&#8220;default&#8220; bg_image_animation=&#8220;none&#8220; border_type=&#8220;simple&#8220; column_border_width=&#8220;none&#8220; column_border_style=&#8220;solid&#8220;][vc_column_text]\n<h3>Black Friday im Einzelhandel<\/h3>\n[\/vc_column_text][\/vc_column][\/vc_row][vc_row type=&#8220;in_container&#8220; full_screen_row_position=&#8220;middle&#8220; column_margin=&#8220;default&#8220; column_direction=&#8220;default&#8220; column_direction_tablet=&#8220;default&#8220; column_direction_phone=&#8220;default&#8220; scene_position=&#8220;center&#8220; text_color=&#8220;dark&#8220; text_align=&#8220;left&#8220; row_border_radius=&#8220;none&#8220; row_border_radius_applies=&#8220;bg&#8220; overflow=&#8220;visible&#8220; overlay_strength=&#8220;0.3&#8243; gradient_direction=&#8220;left_to_right&#8220; shape_divider_position=&#8220;bottom&#8220; bg_image_animation=&#8220;none&#8220;][vc_column column_padding=&#8220;no-extra-padding&#8220; column_padding_tablet=&#8220;inherit&#8220; column_padding_phone=&#8220;inherit&#8220; column_padding_position=&#8220;all&#8220; column_element_direction_desktop=&#8220;default&#8220; column_element_spacing=&#8220;default&#8220; desktop_text_alignment=&#8220;default&#8220; tablet_text_alignment=&#8220;default&#8220; phone_text_alignment=&#8220;default&#8220; background_color_opacity=&#8220;1&#8243; background_hover_color_opacity=&#8220;1&#8243; column_backdrop_filter=&#8220;none&#8220; column_shadow=&#8220;none&#8220; column_border_radius=&#8220;none&#8220; column_link_target=&#8220;_self&#8220; column_position=&#8220;default&#8220; gradient_direction=&#8220;left_to_right&#8220; overlay_strength=&#8220;0.3&#8243; width=&#8220;2\/3&#8243; tablet_width_inherit=&#8220;default&#8220; animation_type=&#8220;default&#8220; bg_image_animation=&#8220;none&#8220; border_type=&#8220;simple&#8220; column_border_width=&#8220;none&#8220; column_border_style=&#8220;solid&#8220;][vc_column_text]Black Friday ist f\u00fcr kleine Gesch\u00e4fte und Selbstst\u00e4ndige eine spannende Chance, Aufmerksamkeit zu gewinnen \u2013 auch ohne riesige Marketingbudgets oder Verlustgesch\u00e4fte durch un\u00fcberlegte Rabattschlachten. Statt wahllos mit gro\u00dfen Preisnachl\u00e4ssen zu locken, sollten Sie \u00fcberlegen, was Ihre Kundinnen und Kunden wirklich sch\u00e4tzen: Ist es ein <strong>besonderes Einkaufserlebnis<\/strong>, eine <strong>pers\u00f6nliche Beratung<\/strong> oder vielleicht <strong>ein exklusives Produkt<\/strong>, das es nur an diesem Tag gibt? Wer die Bed\u00fcrfnisse und Erwartungen seiner Zielgruppe versteht, kann gezielt Angebote entwickeln, die nicht im Preiskampf mit gro\u00dfen Ketten untergehen. Dar\u00fcber hinaus bietet der Tag eine gute Gelegenheit, um l\u00e4stige Ladenh\u00fcter wie etwa Kleidungsst\u00fccke und Schmuck der vergangenen Saison gezielt abzusto\u00dfen und <strong>Platz f\u00fcr neue Ware<\/strong> zu schaffen. Sie k\u00f6nnten das Motto z. B. wortw\u00f6rtlich nehmen und eine Auswahl an schwarzen und grauen Klamotten mit attraktiven Rabatten verkaufen. Kommen die in der kalten Jahreszeit nicht sowieso besonders gut an? Na also![\/vc_column_text][\/vc_column][vc_column column_padding=&#8220;no-extra-padding&#8220; column_padding_tablet=&#8220;inherit&#8220; column_padding_phone=&#8220;inherit&#8220; column_padding_position=&#8220;all&#8220; column_element_direction_desktop=&#8220;default&#8220; column_element_spacing=&#8220;default&#8220; desktop_text_alignment=&#8220;default&#8220; tablet_text_alignment=&#8220;default&#8220; phone_text_alignment=&#8220;default&#8220; background_color_opacity=&#8220;1&#8243; background_hover_color_opacity=&#8220;1&#8243; column_backdrop_filter=&#8220;none&#8220; column_shadow=&#8220;none&#8220; column_border_radius=&#8220;none&#8220; column_link_target=&#8220;_self&#8220; column_position=&#8220;default&#8220; gradient_direction=&#8220;left_to_right&#8220; overlay_strength=&#8220;0.3&#8243; width=&#8220;1\/3&#8243; tablet_width_inherit=&#8220;default&#8220; animation_type=&#8220;default&#8220; bg_image_animation=&#8220;none&#8220; border_type=&#8220;simple&#8220; column_border_width=&#8220;none&#8220; column_border_style=&#8220;solid&#8220;][image_with_animation image_url=&#8220;5104&#8243; image_size=&#8220;full&#8220; animation_type=&#8220;entrance&#8220; animation=&#8220;None&#8220; animation_movement_type=&#8220;transform_y&#8220; hover_animation=&#8220;none&#8220; alignment=&#8220;&#8220; border_radius=&#8220;none&#8220; box_shadow=&#8220;none&#8220; image_loading=&#8220;default&#8220; max_width=&#8220;100%&#8220; max_width_mobile=&#8220;default&#8220;][nectar_btn size=&#8220;small&#8220; open_new_tab=&#8220;true&#8220; button_style=&#8220;regular&#8220; button_color_2=&#8220;Accent-Color&#8220; icon_family=&#8220;none&#8220; text=&#8220;Zur Branchenwelt f\u00fcr den Handel&#8220; url=&#8220;https:\/\/www.flyeralarm.com\/de\/t\/branchenwelten\/handel\/&#8220;][\/vc_column][\/vc_row][vc_row type=&#8220;in_container&#8220; full_screen_row_position=&#8220;middle&#8220; column_margin=&#8220;default&#8220; column_direction=&#8220;default&#8220; column_direction_tablet=&#8220;default&#8220; column_direction_phone=&#8220;default&#8220; scene_position=&#8220;center&#8220; text_color=&#8220;dark&#8220; text_align=&#8220;left&#8220; row_border_radius=&#8220;none&#8220; row_border_radius_applies=&#8220;bg&#8220; overflow=&#8220;visible&#8220; overlay_strength=&#8220;0.3&#8243; gradient_direction=&#8220;left_to_right&#8220; shape_divider_position=&#8220;bottom&#8220; bg_image_animation=&#8220;none&#8220;][vc_column column_padding=&#8220;no-extra-padding&#8220; column_padding_tablet=&#8220;inherit&#8220; column_padding_phone=&#8220;inherit&#8220; column_padding_position=&#8220;all&#8220; column_element_direction_desktop=&#8220;default&#8220; column_element_spacing=&#8220;default&#8220; desktop_text_alignment=&#8220;default&#8220; tablet_text_alignment=&#8220;default&#8220; phone_text_alignment=&#8220;default&#8220; background_color_opacity=&#8220;1&#8243; background_hover_color_opacity=&#8220;1&#8243; column_backdrop_filter=&#8220;none&#8220; column_shadow=&#8220;none&#8220; column_border_radius=&#8220;none&#8220; column_link_target=&#8220;_self&#8220; column_position=&#8220;default&#8220; gradient_direction=&#8220;left_to_right&#8220; overlay_strength=&#8220;0.3&#8243; width=&#8220;1\/1&#8243; tablet_width_inherit=&#8220;default&#8220; animation_type=&#8220;default&#8220; bg_image_animation=&#8220;none&#8220; border_type=&#8220;simple&#8220; column_border_width=&#8220;none&#8220; column_border_style=&#8220;solid&#8220;][nectar_single_testimonial testimonial_style=&#8220;small_modern&#8220; image=&#8220;123219&#8243; color=&#8220;Default&#8220; quote=&#8220;Es ist zu einfach gedacht, ein rotes Schild ins Schaufenster zu h\u00e4ngen und alles zu reduzieren. Stattdessen sollte man sich genau anschauen: `{`&#8230;`}` Gibt es vielleicht etwas neben dem reinen Rabatt, das ich meinen Kundinnen und Kunden anbieten kann \u2013 sodass das Einkaufen auch Spa\u00df macht?&#8220; name=&#8220;Volker Wedde&#8220; subtitle=&#8220;Bezirksvorsitzender des Handelsverbands Bayern e.V.&#8220;][\/vc_column][\/vc_row][vc_row type=&#8220;in_container&#8220; full_screen_row_position=&#8220;middle&#8220; column_margin=&#8220;default&#8220; column_direction=&#8220;default&#8220; column_direction_tablet=&#8220;default&#8220; column_direction_phone=&#8220;default&#8220; scene_position=&#8220;center&#8220; text_color=&#8220;dark&#8220; text_align=&#8220;left&#8220; row_border_radius=&#8220;none&#8220; row_border_radius_applies=&#8220;bg&#8220; overflow=&#8220;visible&#8220; overlay_strength=&#8220;0.3&#8243; gradient_direction=&#8220;left_to_right&#8220; shape_divider_position=&#8220;bottom&#8220; bg_image_animation=&#8220;none&#8220;][vc_column column_padding=&#8220;no-extra-padding&#8220; column_padding_tablet=&#8220;inherit&#8220; column_padding_phone=&#8220;inherit&#8220; column_padding_position=&#8220;all&#8220; column_element_direction_desktop=&#8220;default&#8220; column_element_spacing=&#8220;default&#8220; desktop_text_alignment=&#8220;default&#8220; tablet_text_alignment=&#8220;default&#8220; phone_text_alignment=&#8220;default&#8220; background_color_opacity=&#8220;1&#8243; background_hover_color_opacity=&#8220;1&#8243; column_backdrop_filter=&#8220;none&#8220; column_shadow=&#8220;none&#8220; column_border_radius=&#8220;none&#8220; column_link_target=&#8220;_self&#8220; column_position=&#8220;default&#8220; gradient_direction=&#8220;left_to_right&#8220; overlay_strength=&#8220;0.3&#8243; width=&#8220;1\/1&#8243; tablet_width_inherit=&#8220;default&#8220; animation_type=&#8220;default&#8220; bg_image_animation=&#8220;none&#8220; border_type=&#8220;simple&#8220; column_border_width=&#8220;none&#8220; column_border_style=&#8220;solid&#8220;][vc_column_text]\n<h3>Black Friday in der Gastronomie<\/h3>\n[\/vc_column_text][\/vc_column][\/vc_row][vc_row type=&#8220;in_container&#8220; full_screen_row_position=&#8220;middle&#8220; column_margin=&#8220;default&#8220; column_direction=&#8220;default&#8220; column_direction_tablet=&#8220;default&#8220; column_direction_phone=&#8220;default&#8220; scene_position=&#8220;center&#8220; text_color=&#8220;dark&#8220; text_align=&#8220;left&#8220; row_border_radius=&#8220;none&#8220; row_border_radius_applies=&#8220;bg&#8220; overflow=&#8220;visible&#8220; overlay_strength=&#8220;0.3&#8243; gradient_direction=&#8220;left_to_right&#8220; shape_divider_position=&#8220;bottom&#8220; bg_image_animation=&#8220;none&#8220;][vc_column column_padding=&#8220;no-extra-padding&#8220; column_padding_tablet=&#8220;inherit&#8220; column_padding_phone=&#8220;inherit&#8220; column_padding_position=&#8220;all&#8220; column_element_direction_desktop=&#8220;default&#8220; column_element_spacing=&#8220;default&#8220; desktop_text_alignment=&#8220;default&#8220; tablet_text_alignment=&#8220;default&#8220; phone_text_alignment=&#8220;default&#8220; background_color_opacity=&#8220;1&#8243; background_hover_color_opacity=&#8220;1&#8243; column_backdrop_filter=&#8220;none&#8220; column_shadow=&#8220;none&#8220; column_border_radius=&#8220;none&#8220; column_link_target=&#8220;_self&#8220; column_position=&#8220;default&#8220; gradient_direction=&#8220;left_to_right&#8220; overlay_strength=&#8220;0.3&#8243; width=&#8220;2\/3&#8243; tablet_width_inherit=&#8220;default&#8220; animation_type=&#8220;default&#8220; bg_image_animation=&#8220;none&#8220; border_type=&#8220;simple&#8220; column_border_width=&#8220;none&#8220; column_border_style=&#8220;solid&#8220;][vc_column_text]F\u00fcr Restaurants, Bars, Kneipen und Imbisse kann der Black Friday auch ein echter Umsatzbringer sein. Denn gerade in der kalten Vorweihnachtszeit steigt der Wunsch bei potenziellen G\u00e4sten danach, sich kulinarisch verw\u00f6hnen zu lassen. Nutzen Sie den inoffiziellen Feiertag f\u00fcr Aktionen, die Ihr Lokal zum Stadtgespr\u00e4ch machen. Etwa indem Sie &#8230;<\/p>\n<ul>\n<li>schwarze Speisen mit Wow-Faktor kreieren.<\/li>\n<li>Bonuskarten mit exklusiven Rabatten verteilen.<\/li>\n<li>einen Gru\u00df aus der K\u00fcche f\u00fcr alle in Schwarz gekleideten G\u00e4ste servieren.<\/li>\n<li>ein spezielles Black Friday Dinner veranstalten.<\/li>\n<\/ul>\n[\/vc_column_text][\/vc_column][vc_column column_padding=&#8220;no-extra-padding&#8220; column_padding_tablet=&#8220;inherit&#8220; column_padding_phone=&#8220;inherit&#8220; column_padding_position=&#8220;all&#8220; column_element_direction_desktop=&#8220;default&#8220; column_element_spacing=&#8220;default&#8220; desktop_text_alignment=&#8220;default&#8220; tablet_text_alignment=&#8220;default&#8220; phone_text_alignment=&#8220;default&#8220; background_color_opacity=&#8220;1&#8243; background_hover_color_opacity=&#8220;1&#8243; column_backdrop_filter=&#8220;none&#8220; column_shadow=&#8220;none&#8220; column_border_radius=&#8220;none&#8220; column_link_target=&#8220;_self&#8220; column_position=&#8220;default&#8220; gradient_direction=&#8220;left_to_right&#8220; overlay_strength=&#8220;0.3&#8243; width=&#8220;1\/3&#8243; tablet_width_inherit=&#8220;default&#8220; animation_type=&#8220;default&#8220; bg_image_animation=&#8220;none&#8220; border_type=&#8220;simple&#8220; column_border_width=&#8220;none&#8220; column_border_style=&#8220;solid&#8220;][image_with_animation image_url=&#8220;123275&#8243; image_size=&#8220;full&#8220; animation_type=&#8220;entrance&#8220; animation=&#8220;None&#8220; animation_movement_type=&#8220;transform_y&#8220; hover_animation=&#8220;none&#8220; alignment=&#8220;&#8220; border_radius=&#8220;none&#8220; box_shadow=&#8220;none&#8220; image_loading=&#8220;default&#8220; max_width=&#8220;100%&#8220; max_width_mobile=&#8220;default&#8220;][nectar_btn size=&#8220;small&#8220; open_new_tab=&#8220;true&#8220; button_style=&#8220;regular&#8220; button_color_2=&#8220;Accent-Color&#8220; icon_family=&#8220;none&#8220; text=&#8220;Zur Branchenwelt f\u00fcr die Gastronomie&#8220; url=&#8220;https:\/\/www.flyeralarm.com\/de\/t\/branchenwelten\/gastroartikel\/&#8220;][\/vc_column][\/vc_row][vc_row type=&#8220;in_container&#8220; full_screen_row_position=&#8220;middle&#8220; column_margin=&#8220;default&#8220; column_direction=&#8220;default&#8220; column_direction_tablet=&#8220;default&#8220; column_direction_phone=&#8220;default&#8220; scene_position=&#8220;center&#8220; text_color=&#8220;dark&#8220; text_align=&#8220;left&#8220; row_border_radius=&#8220;none&#8220; row_border_radius_applies=&#8220;bg&#8220; overflow=&#8220;visible&#8220; overlay_strength=&#8220;0.3&#8243; gradient_direction=&#8220;left_to_right&#8220; shape_divider_position=&#8220;bottom&#8220; bg_image_animation=&#8220;none&#8220;][vc_column column_padding=&#8220;no-extra-padding&#8220; column_padding_tablet=&#8220;inherit&#8220; column_padding_phone=&#8220;inherit&#8220; column_padding_position=&#8220;all&#8220; column_element_direction_desktop=&#8220;default&#8220; column_element_spacing=&#8220;default&#8220; desktop_text_alignment=&#8220;default&#8220; tablet_text_alignment=&#8220;default&#8220; phone_text_alignment=&#8220;default&#8220; background_color_opacity=&#8220;1&#8243; background_hover_color_opacity=&#8220;1&#8243; column_backdrop_filter=&#8220;none&#8220; column_shadow=&#8220;none&#8220; column_border_radius=&#8220;none&#8220; column_link_target=&#8220;_self&#8220; column_position=&#8220;default&#8220; gradient_direction=&#8220;left_to_right&#8220; overlay_strength=&#8220;0.3&#8243; width=&#8220;1\/1&#8243; tablet_width_inherit=&#8220;default&#8220; animation_type=&#8220;default&#8220; bg_image_animation=&#8220;none&#8220; border_type=&#8220;simple&#8220; column_border_width=&#8220;none&#8220; column_border_style=&#8220;solid&#8220;][vc_column_text]\n<h3>Black Friday f\u00fcr Fitnessstudios<\/h3>\n[\/vc_column_text][\/vc_column][\/vc_row][vc_row type=&#8220;in_container&#8220; full_screen_row_position=&#8220;middle&#8220; column_margin=&#8220;default&#8220; column_direction=&#8220;default&#8220; column_direction_tablet=&#8220;default&#8220; column_direction_phone=&#8220;default&#8220; scene_position=&#8220;center&#8220; text_color=&#8220;dark&#8220; text_align=&#8220;left&#8220; row_border_radius=&#8220;none&#8220; row_border_radius_applies=&#8220;bg&#8220; overflow=&#8220;visible&#8220; overlay_strength=&#8220;0.3&#8243; gradient_direction=&#8220;left_to_right&#8220; shape_divider_position=&#8220;bottom&#8220; bg_image_animation=&#8220;none&#8220;][vc_column column_padding=&#8220;no-extra-padding&#8220; column_padding_tablet=&#8220;inherit&#8220; column_padding_phone=&#8220;inherit&#8220; column_padding_position=&#8220;all&#8220; column_element_direction_desktop=&#8220;default&#8220; column_element_spacing=&#8220;default&#8220; desktop_text_alignment=&#8220;default&#8220; tablet_text_alignment=&#8220;default&#8220; phone_text_alignment=&#8220;default&#8220; background_color_opacity=&#8220;1&#8243; background_hover_color_opacity=&#8220;1&#8243; column_backdrop_filter=&#8220;none&#8220; column_shadow=&#8220;none&#8220; column_border_radius=&#8220;none&#8220; column_link_target=&#8220;_self&#8220; column_position=&#8220;default&#8220; gradient_direction=&#8220;left_to_right&#8220; overlay_strength=&#8220;0.3&#8243; width=&#8220;2\/3&#8243; tablet_width_inherit=&#8220;default&#8220; animation_type=&#8220;default&#8220; bg_image_animation=&#8220;none&#8220; border_type=&#8220;simple&#8220; column_border_width=&#8220;none&#8220; column_border_style=&#8220;solid&#8220;][vc_column_text]Am Black Friday haben Fitnessstudios die Chance, mit kreativen Aktionen neue Mitglieder zu gewinnen und Bestandskunden st\u00e4rker zu binden. Setzen Sie nicht nur auf klassische Rabatte f\u00fcr Mitgliedschaften oder 10er-Karten, sondern \u00fcberraschen Sie Ihre Community mit besonderen Aktionen: Laden Sie zu einem <strong>exklusiven \u201eBring-a-Friend\u201c-Tag<\/strong> ein, bieten Sie stark <strong>verg\u00fcnstigte Personal-Training-Sessions<\/strong> an oder veranstalten Sie ein mitrei\u00dfendes<strong> \u201eBlack Friday Bootcamp\u201c<\/strong>. Auch online k\u00f6nnen Sie mit <strong>limitierten Gutscheincodes f\u00fcr Kurse<\/strong> oder Ern\u00e4hrungspl\u00e4ne punkten und so zus\u00e4tzliche Reichweite schaffen. So sorgen Sie daf\u00fcr, dass Interessenten nicht nur kurzfristig zugreifen, sondern Ihr Studio langfristig als innovativen und kundenorientierten Partner wahrnehmen.[\/vc_column_text][\/vc_column][vc_column column_padding=&#8220;no-extra-padding&#8220; column_padding_tablet=&#8220;inherit&#8220; column_padding_phone=&#8220;inherit&#8220; column_padding_position=&#8220;all&#8220; column_element_direction_desktop=&#8220;default&#8220; column_element_spacing=&#8220;default&#8220; desktop_text_alignment=&#8220;default&#8220; tablet_text_alignment=&#8220;default&#8220; phone_text_alignment=&#8220;default&#8220; background_color_opacity=&#8220;1&#8243; background_hover_color_opacity=&#8220;1&#8243; column_backdrop_filter=&#8220;none&#8220; column_shadow=&#8220;none&#8220; column_border_radius=&#8220;none&#8220; column_link_target=&#8220;_self&#8220; column_position=&#8220;default&#8220; gradient_direction=&#8220;left_to_right&#8220; overlay_strength=&#8220;0.3&#8243; width=&#8220;1\/3&#8243; tablet_width_inherit=&#8220;default&#8220; animation_type=&#8220;default&#8220; bg_image_animation=&#8220;none&#8220; border_type=&#8220;simple&#8220; column_border_width=&#8220;none&#8220; column_border_style=&#8220;solid&#8220;][image_with_animation image_url=&#8220;123262&#8243; image_size=&#8220;full&#8220; animation_type=&#8220;entrance&#8220; animation=&#8220;None&#8220; animation_movement_type=&#8220;transform_y&#8220; hover_animation=&#8220;none&#8220; alignment=&#8220;&#8220; border_radius=&#8220;none&#8220; box_shadow=&#8220;none&#8220; image_loading=&#8220;default&#8220; max_width=&#8220;100%&#8220; max_width_mobile=&#8220;default&#8220;][nectar_btn size=&#8220;small&#8220; open_new_tab=&#8220;true&#8220; button_style=&#8220;regular&#8220; button_color_2=&#8220;Accent-Color&#8220; icon_family=&#8220;none&#8220; text=&#8220;Zur Branchenwelt f\u00fcr Fitnessstudios&#8220; url=&#8220;https:\/\/www.flyeralarm.com\/de\/t\/branchenwelten\/marketing-fitnessstudios\/&#8220;][\/vc_column][\/vc_row][vc_row type=&#8220;in_container&#8220; full_screen_row_position=&#8220;middle&#8220; column_margin=&#8220;default&#8220; column_direction=&#8220;default&#8220; column_direction_tablet=&#8220;default&#8220; column_direction_phone=&#8220;default&#8220; scene_position=&#8220;center&#8220; text_color=&#8220;dark&#8220; text_align=&#8220;left&#8220; row_border_radius=&#8220;none&#8220; row_border_radius_applies=&#8220;bg&#8220; overflow=&#8220;visible&#8220; overlay_strength=&#8220;0.3&#8243; gradient_direction=&#8220;left_to_right&#8220; shape_divider_position=&#8220;bottom&#8220; bg_image_animation=&#8220;none&#8220;][vc_column column_padding=&#8220;no-extra-padding&#8220; column_padding_tablet=&#8220;inherit&#8220; column_padding_phone=&#8220;inherit&#8220; column_padding_position=&#8220;all&#8220; column_element_direction_desktop=&#8220;default&#8220; column_element_spacing=&#8220;default&#8220; desktop_text_alignment=&#8220;default&#8220; tablet_text_alignment=&#8220;default&#8220; phone_text_alignment=&#8220;default&#8220; background_color_opacity=&#8220;1&#8243; background_hover_color_opacity=&#8220;1&#8243; column_backdrop_filter=&#8220;none&#8220; column_shadow=&#8220;none&#8220; column_border_radius=&#8220;none&#8220; column_link_target=&#8220;_self&#8220; column_position=&#8220;default&#8220; gradient_direction=&#8220;left_to_right&#8220; overlay_strength=&#8220;0.3&#8243; width=&#8220;1\/1&#8243; tablet_width_inherit=&#8220;default&#8220; animation_type=&#8220;default&#8220; bg_image_animation=&#8220;none&#8220; border_type=&#8220;simple&#8220; column_border_width=&#8220;none&#8220; column_border_style=&#8220;solid&#8220;][vc_column_text]\n<h3>Black Friday f\u00fcr Beratung und Dienstleistung<\/h3>\n[\/vc_column_text][\/vc_column][\/vc_row][vc_row type=&#8220;in_container&#8220; full_screen_row_position=&#8220;middle&#8220; column_margin=&#8220;default&#8220; column_direction=&#8220;default&#8220; column_direction_tablet=&#8220;default&#8220; column_direction_phone=&#8220;default&#8220; scene_position=&#8220;center&#8220; text_color=&#8220;dark&#8220; text_align=&#8220;left&#8220; row_border_radius=&#8220;none&#8220; row_border_radius_applies=&#8220;bg&#8220; overflow=&#8220;visible&#8220; overlay_strength=&#8220;0.3&#8243; gradient_direction=&#8220;left_to_right&#8220; shape_divider_position=&#8220;bottom&#8220; bg_image_animation=&#8220;none&#8220;][vc_column column_padding=&#8220;no-extra-padding&#8220; column_padding_tablet=&#8220;inherit&#8220; column_padding_phone=&#8220;inherit&#8220; column_padding_position=&#8220;all&#8220; column_element_direction_desktop=&#8220;default&#8220; column_element_spacing=&#8220;default&#8220; desktop_text_alignment=&#8220;default&#8220; tablet_text_alignment=&#8220;default&#8220; phone_text_alignment=&#8220;default&#8220; background_color_opacity=&#8220;1&#8243; background_hover_color_opacity=&#8220;1&#8243; column_backdrop_filter=&#8220;none&#8220; column_shadow=&#8220;none&#8220; column_border_radius=&#8220;none&#8220; column_link_target=&#8220;_self&#8220; column_position=&#8220;default&#8220; gradient_direction=&#8220;left_to_right&#8220; overlay_strength=&#8220;0.3&#8243; width=&#8220;2\/3&#8243; tablet_width_inherit=&#8220;default&#8220; animation_type=&#8220;default&#8220; bg_image_animation=&#8220;none&#8220; border_type=&#8220;simple&#8220; column_border_width=&#8220;none&#8220; column_border_style=&#8220;solid&#8220;][vc_column_text]Auch im Bereich Beratung und Dienstleistungen kann der Black Friday eine wertvolle Chance sein \u2013 gerade f\u00fcr kleinere Gesch\u00e4fte wie Optiker- oder H\u00f6rger\u00e4taktustik-Betriebe, H\u00f6rger\u00e4taFriseursalons oder Maklerb\u00fcros. Wichtig ist, nicht blind Rabatte zu kopieren, sondern die eigene Zielgruppe zu verstehen und Angebote zu schaffen, die genau zu ihr passen. So k\u00f6nnen beispielsweise Zusatzleistungen besonders attraktiv wirken:<\/p>\n<ul>\n<li>ein Styling-Produkt zum Haarschnitt<\/li>\n<li>eine zus\u00e4tzliche Pflegebehandlung<\/li>\n<li>kostenloser Sehtest, H\u00f6rtest oder Erstberatung<\/li>\n<\/ul>\n<p>Auch Gutscheine, die an diesem Tag mit einem kleinen Bonuswert angeboten werden, sind eine M\u00f6glichkeit, Kundschaft langfristig zu binden. So machen Sie Ihr Gesch\u00e4ft nicht nur an diesem besonderen Tag attraktiv, sondern st\u00e4rken auch nachhaltig die Kundenbindung.[\/vc_column_text][\/vc_column][vc_column column_padding=&#8220;no-extra-padding&#8220; column_padding_tablet=&#8220;inherit&#8220; column_padding_phone=&#8220;inherit&#8220; column_padding_position=&#8220;all&#8220; column_element_direction_desktop=&#8220;default&#8220; column_element_spacing=&#8220;default&#8220; desktop_text_alignment=&#8220;default&#8220; tablet_text_alignment=&#8220;default&#8220; phone_text_alignment=&#8220;default&#8220; background_color_opacity=&#8220;1&#8243; background_hover_color_opacity=&#8220;1&#8243; column_backdrop_filter=&#8220;none&#8220; column_shadow=&#8220;none&#8220; column_border_radius=&#8220;none&#8220; column_link_target=&#8220;_self&#8220; column_position=&#8220;default&#8220; gradient_direction=&#8220;left_to_right&#8220; overlay_strength=&#8220;0.3&#8243; width=&#8220;1\/3&#8243; tablet_width_inherit=&#8220;default&#8220; animation_type=&#8220;default&#8220; bg_image_animation=&#8220;none&#8220; border_type=&#8220;simple&#8220; column_border_width=&#8220;none&#8220; column_border_style=&#8220;solid&#8220;][image_with_animation image_url=&#8220;2795&#8243; image_size=&#8220;full&#8220; animation_type=&#8220;entrance&#8220; animation=&#8220;None&#8220; animation_movement_type=&#8220;transform_y&#8220; hover_animation=&#8220;none&#8220; alignment=&#8220;&#8220; border_radius=&#8220;none&#8220; box_shadow=&#8220;none&#8220; image_loading=&#8220;default&#8220; max_width=&#8220;100%&#8220; max_width_mobile=&#8220;default&#8220;][nectar_btn size=&#8220;small&#8220; open_new_tab=&#8220;true&#8220; button_style=&#8220;regular&#8220; button_color_2=&#8220;Accent-Color&#8220; icon_family=&#8220;none&#8220; text=&#8220;Zu den Branchenwelten&#8220; url=&#8220;https:\/\/www.flyeralarm.com\/de\/t\/branchenwelten\/&#8220;][\/vc_column][\/vc_row][vc_row type=&#8220;in_container&#8220; full_screen_row_position=&#8220;middle&#8220; column_margin=&#8220;default&#8220; column_direction=&#8220;default&#8220; column_direction_tablet=&#8220;default&#8220; column_direction_phone=&#8220;default&#8220; scene_position=&#8220;center&#8220; text_color=&#8220;dark&#8220; text_align=&#8220;left&#8220; row_border_radius=&#8220;none&#8220; row_border_radius_applies=&#8220;bg&#8220; overflow=&#8220;visible&#8220; overlay_strength=&#8220;0.3&#8243; gradient_direction=&#8220;left_to_right&#8220; shape_divider_position=&#8220;bottom&#8220; bg_image_animation=&#8220;none&#8220;][vc_column column_padding=&#8220;no-extra-padding&#8220; column_padding_tablet=&#8220;inherit&#8220; column_padding_phone=&#8220;inherit&#8220; column_padding_position=&#8220;all&#8220; column_element_direction_desktop=&#8220;default&#8220; column_element_spacing=&#8220;default&#8220; desktop_text_alignment=&#8220;default&#8220; tablet_text_alignment=&#8220;default&#8220; phone_text_alignment=&#8220;default&#8220; background_color_opacity=&#8220;1&#8243; background_hover_color_opacity=&#8220;1&#8243; column_backdrop_filter=&#8220;none&#8220; column_shadow=&#8220;none&#8220; column_border_radius=&#8220;none&#8220; column_link_target=&#8220;_self&#8220; column_position=&#8220;default&#8220; gradient_direction=&#8220;left_to_right&#8220; overlay_strength=&#8220;0.3&#8243; width=&#8220;1\/1&#8243; tablet_width_inherit=&#8220;default&#8220; animation_type=&#8220;default&#8220; bg_image_animation=&#8220;none&#8220; border_type=&#8220;simple&#8220; column_border_width=&#8220;none&#8220; column_border_style=&#8220;solid&#8220;][vc_column_text]\n<h2 id=\"ideen\">Guerilla Marketing und weitere Ideen f\u00fcr Ihren Black Friday<\/h2>\n[\/vc_column_text][\/vc_column][\/vc_row][vc_row type=&#8220;in_container&#8220; full_screen_row_position=&#8220;middle&#8220; column_margin=&#8220;default&#8220; column_direction=&#8220;default&#8220; column_direction_tablet=&#8220;default&#8220; column_direction_phone=&#8220;default&#8220; scene_position=&#8220;center&#8220; text_color=&#8220;dark&#8220; text_align=&#8220;left&#8220; row_border_radius=&#8220;none&#8220; row_border_radius_applies=&#8220;bg&#8220; overflow=&#8220;visible&#8220; overlay_strength=&#8220;0.3&#8243; gradient_direction=&#8220;left_to_right&#8220; shape_divider_position=&#8220;bottom&#8220; bg_image_animation=&#8220;none&#8220;][vc_column column_padding=&#8220;no-extra-padding&#8220; column_padding_tablet=&#8220;inherit&#8220; column_padding_phone=&#8220;inherit&#8220; column_padding_position=&#8220;all&#8220; column_element_direction_desktop=&#8220;default&#8220; column_element_spacing=&#8220;default&#8220; desktop_text_alignment=&#8220;default&#8220; tablet_text_alignment=&#8220;default&#8220; phone_text_alignment=&#8220;default&#8220; background_color_opacity=&#8220;1&#8243; background_hover_color_opacity=&#8220;1&#8243; column_backdrop_filter=&#8220;none&#8220; column_shadow=&#8220;none&#8220; column_border_radius=&#8220;none&#8220; column_link_target=&#8220;_self&#8220; column_position=&#8220;default&#8220; gradient_direction=&#8220;left_to_right&#8220; overlay_strength=&#8220;0.3&#8243; width=&#8220;1\/1&#8243; tablet_width_inherit=&#8220;default&#8220; animation_type=&#8220;default&#8220; bg_image_animation=&#8220;none&#8220; border_type=&#8220;simple&#8220; column_border_width=&#8220;none&#8220; column_border_style=&#8220;solid&#8220;][vc_column_text]Ist Ihnen der Begrif <a href=\"https:\/\/www.flyeralarm.com\/blog\/de\/ist-guerilla-marketing-legal\" target=\"_blank\" rel=\"noopener\"><strong>Guerilla Marketing<\/strong><\/a> bekannt? Darunter versteht man eine kreative und unkonventionelle Marketingstrategie, bei der Unternehmen auf clevere und oft kosteng\u00fcnstige Weise versuchen, die Aufmerksamkeit ihrer Zielgruppe zu erregen. Ein perfekter Ansatz f\u00fcr den Black Friday! Finden Sie nicht auch? Hier kommen ein paar Ideen f\u00fcr Sie.[\/vc_column_text][\/vc_column][\/vc_row][vc_row type=&#8220;in_container&#8220; full_screen_row_position=&#8220;middle&#8220; column_margin=&#8220;default&#8220; column_direction=&#8220;default&#8220; column_direction_tablet=&#8220;default&#8220; column_direction_phone=&#8220;default&#8220; scene_position=&#8220;center&#8220; text_color=&#8220;dark&#8220; text_align=&#8220;left&#8220; row_border_radius=&#8220;none&#8220; row_border_radius_applies=&#8220;bg&#8220; overflow=&#8220;visible&#8220; overlay_strength=&#8220;0.3&#8243; gradient_direction=&#8220;left_to_right&#8220; shape_divider_position=&#8220;bottom&#8220; bg_image_animation=&#8220;none&#8220;][vc_column column_padding=&#8220;no-extra-padding&#8220; column_padding_tablet=&#8220;inherit&#8220; column_padding_phone=&#8220;inherit&#8220; column_padding_position=&#8220;all&#8220; column_element_direction_desktop=&#8220;default&#8220; column_element_spacing=&#8220;default&#8220; desktop_text_alignment=&#8220;default&#8220; tablet_text_alignment=&#8220;default&#8220; phone_text_alignment=&#8220;default&#8220; background_color_opacity=&#8220;1&#8243; background_hover_color_opacity=&#8220;1&#8243; column_backdrop_filter=&#8220;none&#8220; column_shadow=&#8220;none&#8220; column_border_radius=&#8220;none&#8220; column_link_target=&#8220;_self&#8220; column_position=&#8220;default&#8220; gradient_direction=&#8220;left_to_right&#8220; overlay_strength=&#8220;0.3&#8243; width=&#8220;1\/2&#8243; tablet_width_inherit=&#8220;default&#8220; animation_type=&#8220;default&#8220; bg_image_animation=&#8220;none&#8220; border_type=&#8220;simple&#8220; column_border_width=&#8220;none&#8220; column_border_style=&#8220;solid&#8220;]<div class=\"iwithtext\"><div class=\"iwt-icon\"> <i class=\"icon-default-style fa fa-bullhorn accent-color\"><\/i> <\/div><div class=\"iwt-text\"> \n<h4>Flash Sale und Verkaufsboxen im \u00f6ffentlichen Raum<\/h4>\n<p>Veranstalten Sie einen mobilen Mini-Store oder Popup-Stand an belebten Orten (z. B. an U-Bahn-Stationen oder Fu\u00dfg\u00e4ngerzonen). Kundinnen und Kunden k\u00f6nnten sich hier ihr Lieblingsprodukt ausw\u00e4hlen und direkt per QR-Code im Online-Shop kaufen. Ebenfalls m\u00f6glich: Platzieren Sie kleine Verkaufsboxen mit Give Aways (z. B. Buttons, Aufkleber etc.) an ungew\u00f6hnlichen Orten wie Parks, Kinos oder Universit\u00e4ten. Passantinnen und Passanten k\u00f6nnen die Werbeartikel entnehmen und erhalten gegen Vorzeigen in Ihrem Shop einen Rabatt auf Ihr Angebot. <\/div><div class=\"clear\"><\/div><\/div><div class=\"iwithtext\"><div class=\"iwt-icon\"> <i class=\"icon-default-style fa fa-star accent-color\"><\/i> <\/div><div class=\"iwt-text\"> \n<h4>Schwarze Ballons mit Gutscheinen<\/h4>\n<p>Lassen Sie <strong><a href=\"https:\/\/www.flyeralarm.com\/de\/p\/luftballons-classic-4201984.html#\/d\/att.luftballonfarbe.conf=value.schwarz.conf&amp;\/l\/6031\" target=\"_blank\" rel=\"noopener\">schwarze Ballons<\/a><\/strong> mit Ihrem Logo und der (Web-)Adresse Ihres Shops bedrucken. Befestigen Sie kleine Briefe mit Rabattcodes oder Mini-Geschenken daran und verteilen Sie die Ballons in belebten Einkaufsstra\u00dfen, auf M\u00e4rkten, an Bus- und Bahnstationen oder direkt vor Ihrem Gesch\u00e4ft an potenzielle Laufkundschaft. <\/div><div class=\"clear\"><\/div><\/div><div class=\"iwithtext\"><div class=\"iwt-icon\"> <i class=\"icon-default-style fa fa-coffee accent-color\"><\/i> <\/div><div class=\"iwt-text\"> \n<h4><strong>Gratis-Kaffee f\u00fcr Passantinnen und Passanten<\/strong><\/h4>\n<p>Stellen Sie eine mobile Kaffee-Station vor Ihrem Laden auf, um Kundschaft anzulocken. Potenzielle Kundinnen und Kunden bekommen hier zum Beispiel einen Gratis-Kaffee und einen Flyer, der spezielle Black Friday Angebote enth\u00e4lt. Wer seinen Kaffee schwarz trinkt, bekommt evtl. auch gleich einen kreativen Button, Aufkleber, Kugelschreiber oder andere Streuartikel mit Ihrem Logo darauf dazu. <\/div><div class=\"clear\"><\/div><\/div>[\/vc_column][vc_column column_padding=&#8220;no-extra-padding&#8220; column_padding_tablet=&#8220;inherit&#8220; column_padding_phone=&#8220;inherit&#8220; column_padding_position=&#8220;all&#8220; column_element_direction_desktop=&#8220;default&#8220; column_element_spacing=&#8220;default&#8220; desktop_text_alignment=&#8220;default&#8220; tablet_text_alignment=&#8220;default&#8220; phone_text_alignment=&#8220;default&#8220; background_color_opacity=&#8220;1&#8243; background_hover_color_opacity=&#8220;1&#8243; column_backdrop_filter=&#8220;none&#8220; column_shadow=&#8220;none&#8220; column_border_radius=&#8220;none&#8220; column_link_target=&#8220;_self&#8220; column_position=&#8220;default&#8220; gradient_direction=&#8220;left_to_right&#8220; overlay_strength=&#8220;0.3&#8243; width=&#8220;1\/2&#8243; tablet_width_inherit=&#8220;default&#8220; animation_type=&#8220;default&#8220; bg_image_animation=&#8220;none&#8220; border_type=&#8220;simple&#8220; column_border_width=&#8220;none&#8220; column_border_style=&#8220;solid&#8220;]<div class=\"iwithtext\"><div class=\"iwt-icon\"> <i class=\"icon-default-style fa fa-gift accent-color\"><\/i> <\/div><div class=\"iwt-text\"> \n<h4>Mystery-Shopper-Aktion<\/h4>\n<p>Belohnen Sie zuf\u00e4llig ausgew\u00e4hlte Kundinnen und Kunden, die am Black Friday in Ihrem Gesch\u00e4ft einkaufen, mit einem kostenlosen Produkt, einem Gutschein oder einem gr\u00f6\u00dferen Rabatt. Umsetzbar w\u00e4re dies z. B. durch eine kleine <strong><a href=\"https:\/\/www.flyeralarm.com\/de\/p\/losbox-10245042.html\" target=\"_blank\" rel=\"noopener\">Losbox<\/a><\/strong> direkt an der Kasse, aus der jede Person ein Los ziehen und so die Chance auf den Black-Friday-Gewinn hat. Die Aktion wird nat\u00fcrlich vorab in den sozialen Medien angek\u00fcndigt, sodass am entsprechenden Tag m\u00f6glichst viele Menschen Ihr Gesch\u00e4ft aufsuchen. Klingt interessant? Erfahren Sie mehr \u00fcber <strong><a href=\"https:\/\/www.flyeralarm.com\/blog\/de\/gluecksspiel-als-serioeses-marketinginstrument\" target=\"_blank\" rel=\"noopener\">Gl\u00fccksspiel als seri\u00f6ses Marketinginstrument<\/a><\/strong>\u00a0hier im Blog. <\/div><div class=\"clear\"><\/div><\/div><div class=\"iwithtext\"><div class=\"iwt-icon\"> <i class=\"icon-default-style fa fa-user accent-color\"><\/i> <\/div><div class=\"iwt-text\"> \n<h4>Schaufenster-Live-Performance<\/h4>\n<p>Verwandeln Sie Ihr Schaufenster am Black Friday in eine B\u00fchne und lassen Sie Stra\u00dfenk\u00fcnstler und Stra\u00dfenk\u00fcnstlerinnen live mit ihrem Sortiment agieren, als \u201elebende Schaufensterpuppe\u201c Aufmerksamkeit erzeugen oder kreative Kunst erschaffen.\u00a0On top dekorieren Sie Ihr Schaufenster mit auff\u00e4lligen <strong><a href=\"\/\/www.flyeralarm.com\/de\/shop\/configurator\/index\/id\/8480\/klebebuchstaben-zweifarbig.html&lt;\/a\">BLACK FRIDAY Aufklebern<\/a> und <a href=\"https:\/\/www.flyeralarm.com\/de\/c\/werbetechnik\/folien-klebefolien\/fensterfolien\/\" target=\"_blank\" rel=\"noopener\">Fensterfolien<\/a><\/strong>, auf denen Sie Ihre Rabatte oder Nur-heute-Hinweise platzieren. Die Kombination aus Schwarz und einer Signalfarbe funktioniert hierbei besonders gut. <\/div><div class=\"clear\"><\/div><\/div><div class=\"iwithtext\"><div class=\"iwt-icon\"> <i class=\"icon-default-style fa fa-paint-brush accent-color\"><\/i> <\/div><div class=\"iwt-text\"> \n<h4>Kreide-Stra\u00dfenkunst mit Rabattcodes<\/h4>\n<p>Malen Sie bunte Stra\u00dfenkunst rund um Ihr Gesch\u00e4ft oder in belebten Gegenden. Jedes kleine oder gro\u00dfe Kunstwerk f\u00fchrt mittels aufgemalter Pfeile oder via QR-Code direkt zu Ihrem Shop. Eine andere M\u00f6glichkeit mit <strong><a href=\"https:\/\/www.flyeralarm.com\/de\/p\/strasenmalkreide-7220012.html\" target=\"_blank\" rel=\"noopener\">Stra\u00dfenmalkreide<\/a><\/strong>: Platzieren Sie ein H\u00fcpfk\u00e4stchen-Spiel in der Fu\u00dfg\u00e4ngerzone und lassen Sie potenzielle Kundschaft antreten. Der Gewinner oder die Gewinnerin erh\u00e4lt einen Gutschein f\u00fcr den n\u00e4chsten Einkauf. <\/div><div class=\"clear\"><\/div><\/div>[\/vc_column][\/vc_row][vc_row type=&#8220;in_container&#8220; full_screen_row_position=&#8220;middle&#8220; column_margin=&#8220;default&#8220; column_direction=&#8220;default&#8220; column_direction_tablet=&#8220;default&#8220; column_direction_phone=&#8220;default&#8220; scene_position=&#8220;center&#8220; text_color=&#8220;dark&#8220; text_align=&#8220;left&#8220; row_border_radius=&#8220;none&#8220; row_border_radius_applies=&#8220;bg&#8220; overflow=&#8220;visible&#8220; overlay_strength=&#8220;0.3&#8243; gradient_direction=&#8220;left_to_right&#8220; shape_divider_position=&#8220;bottom&#8220; bg_image_animation=&#8220;none&#8220;][vc_column column_padding=&#8220;no-extra-padding&#8220; column_padding_tablet=&#8220;inherit&#8220; column_padding_phone=&#8220;inherit&#8220; column_padding_position=&#8220;all&#8220; column_element_direction_desktop=&#8220;default&#8220; column_element_spacing=&#8220;default&#8220; desktop_text_alignment=&#8220;default&#8220; tablet_text_alignment=&#8220;default&#8220; phone_text_alignment=&#8220;default&#8220; background_color_opacity=&#8220;1&#8243; background_hover_color_opacity=&#8220;1&#8243; column_backdrop_filter=&#8220;none&#8220; column_shadow=&#8220;none&#8220; column_border_radius=&#8220;none&#8220; column_link_target=&#8220;_self&#8220; column_position=&#8220;default&#8220; gradient_direction=&#8220;left_to_right&#8220; overlay_strength=&#8220;0.3&#8243; width=&#8220;1\/1&#8243; tablet_width_inherit=&#8220;default&#8220; animation_type=&#8220;default&#8220; bg_image_animation=&#8220;none&#8220; border_type=&#8220;simple&#8220; column_border_width=&#8220;none&#8220; column_border_style=&#8220;solid&#8220;][nectar_single_testimonial testimonial_style=&#8220;small_modern&#8220; image=&#8220;123232&#8243; color=&#8220;Default&#8220; quote=&#8220;Mein Tipp: Nicht nur auf den einen Tag fokussieren, sondern versuchen, den Black Friday f\u00fcr sich l\u00e4nger zu nutzen. `{`&#8230;`}` Und auch weiterdenken: Vielleicht gibt\u2019s zus\u00e4tzlich einen Einkaufsgutschein f\u00fcrs Weihnachtsgesch\u00e4ft. Oder man vergibt eine Kundenkarte \u2013 so kommt der Kunde im besten Fall wieder.&#8220; name=&#8220;Angelika Winkler&#8220; subtitle=&#8220;Unternehmerin und Vorstandsmitglied des Handelsverband Bayern e.V.&#8220;][\/vc_column][\/vc_row][vc_row type=&#8220;in_container&#8220; full_screen_row_position=&#8220;middle&#8220; column_margin=&#8220;default&#8220; column_direction=&#8220;default&#8220; column_direction_tablet=&#8220;default&#8220; column_direction_phone=&#8220;default&#8220; scene_position=&#8220;center&#8220; text_color=&#8220;dark&#8220; text_align=&#8220;left&#8220; row_border_radius=&#8220;none&#8220; row_border_radius_applies=&#8220;bg&#8220; overflow=&#8220;visible&#8220; overlay_strength=&#8220;0.3&#8243; gradient_direction=&#8220;left_to_right&#8220; shape_divider_position=&#8220;bottom&#8220; bg_image_animation=&#8220;none&#8220;][vc_column column_padding=&#8220;no-extra-padding&#8220; column_padding_tablet=&#8220;inherit&#8220; column_padding_phone=&#8220;inherit&#8220; column_padding_position=&#8220;all&#8220; column_element_direction_desktop=&#8220;default&#8220; column_element_spacing=&#8220;default&#8220; desktop_text_alignment=&#8220;default&#8220; tablet_text_alignment=&#8220;default&#8220; phone_text_alignment=&#8220;default&#8220; background_color_opacity=&#8220;1&#8243; background_hover_color_opacity=&#8220;1&#8243; column_backdrop_filter=&#8220;none&#8220; column_shadow=&#8220;none&#8220; column_border_radius=&#8220;none&#8220; column_link_target=&#8220;_self&#8220; column_position=&#8220;default&#8220; gradient_direction=&#8220;left_to_right&#8220; overlay_strength=&#8220;0.3&#8243; width=&#8220;1\/1&#8243; tablet_width_inherit=&#8220;default&#8220; animation_type=&#8220;default&#8220; bg_image_animation=&#8220;none&#8220; border_type=&#8220;simple&#8220; column_border_width=&#8220;none&#8220; column_border_style=&#8220;solid&#8220;][vc_column_text]\n<h2 id=\"publizieren\">Vermarktung: Machen Sie Ihren Black Friday publik<\/h2>\n[\/vc_column_text][\/vc_column][\/vc_row][vc_row type=&#8220;in_container&#8220; full_screen_row_position=&#8220;middle&#8220; column_margin=&#8220;default&#8220; column_direction=&#8220;default&#8220; column_direction_tablet=&#8220;default&#8220; column_direction_phone=&#8220;default&#8220; scene_position=&#8220;center&#8220; text_color=&#8220;dark&#8220; text_align=&#8220;left&#8220; row_border_radius=&#8220;none&#8220; row_border_radius_applies=&#8220;bg&#8220; overflow=&#8220;visible&#8220; overlay_strength=&#8220;0.3&#8243; gradient_direction=&#8220;left_to_right&#8220; shape_divider_position=&#8220;bottom&#8220; bg_image_animation=&#8220;none&#8220;][vc_column column_padding=&#8220;no-extra-padding&#8220; column_padding_tablet=&#8220;inherit&#8220; column_padding_phone=&#8220;inherit&#8220; column_padding_position=&#8220;all&#8220; column_element_direction_desktop=&#8220;default&#8220; column_element_spacing=&#8220;default&#8220; desktop_text_alignment=&#8220;default&#8220; tablet_text_alignment=&#8220;default&#8220; phone_text_alignment=&#8220;default&#8220; background_color_opacity=&#8220;1&#8243; background_hover_color_opacity=&#8220;1&#8243; column_backdrop_filter=&#8220;none&#8220; column_shadow=&#8220;none&#8220; column_border_radius=&#8220;none&#8220; column_link_target=&#8220;_self&#8220; column_position=&#8220;default&#8220; gradient_direction=&#8220;left_to_right&#8220; overlay_strength=&#8220;0.3&#8243; width=&#8220;1\/1&#8243; tablet_width_inherit=&#8220;default&#8220; animation_type=&#8220;default&#8220; bg_image_animation=&#8220;none&#8220; border_type=&#8220;simple&#8220; column_border_width=&#8220;none&#8220; column_border_style=&#8220;solid&#8220;][vc_column_text]Im Prinzip agieren Sie bei ihrer Black Friday-Aktion genau, wie bei allen anderen <strong><a href=\"https:\/\/www.flyeralarm.com\/blog\/de\/mehr-kunden-durch-lokales-marketing\/\" target=\"_blank\" rel=\"noopener noreferrer\">lokalen Werbema\u00dfnahmen<\/a><\/strong>. Wichtig ist, dass Sie online und offline Werbung schalten. <a href=\"https:\/\/www.flyeralarm.com\/blog\/de\/crossmedia-marketing-teil-1-die-basics\/\" target=\"_blank\" rel=\"noopener noreferrer\"><strong>Crossmedia<\/strong><\/a> hei\u00dft das Stichwort. Das kann Flyer, Plakate, Werbeanzeigen in Tageszeitungen und lokalen Magazinen, Kino- oder Radio-Werbung, besondere Sponsoring-Aktionen und eine Social Media-Kampagne beinhalten. H\u00f6rt sich kompliziert an? Muss es nicht sein. Mit dem richtigen Partner, der Sie in Sachen crossmedialer Marketingstrategien ber\u00e4t, bedeutet das f\u00fcr Sie kaum einen Mehraufwand gegen\u00fcber Ihren \u00fcblichen Werbema\u00dfnahmen. Sprechen Sie hierf\u00fcr gerne die Marketingprofis von FLYERALARM Digital an![\/vc_column_text][divider line_type=&#8220;No Line&#8220;][nectar_btn size=&#8220;small&#8220; open_new_tab=&#8220;true&#8220; button_style=&#8220;regular&#8220; button_color_2=&#8220;Accent-Color&#8220; icon_family=&#8220;none&#8220; url=&#8220;https:\/\/flyeralarm.digital\/&#8220; text=&#8220;Zur FLYERALARM Digital Werbeberatung&#8220;][\/vc_column][\/vc_row][vc_row type=&#8220;in_container&#8220; full_screen_row_position=&#8220;middle&#8220; column_margin=&#8220;default&#8220; column_direction=&#8220;default&#8220; column_direction_tablet=&#8220;default&#8220; column_direction_phone=&#8220;default&#8220; scene_position=&#8220;center&#8220; text_color=&#8220;dark&#8220; text_align=&#8220;left&#8220; row_border_radius=&#8220;none&#8220; row_border_radius_applies=&#8220;bg&#8220; overflow=&#8220;visible&#8220; overlay_strength=&#8220;0.3&#8243; gradient_direction=&#8220;left_to_right&#8220; shape_divider_position=&#8220;bottom&#8220; bg_image_animation=&#8220;none&#8220;][vc_column column_padding=&#8220;no-extra-padding&#8220; column_padding_tablet=&#8220;inherit&#8220; column_padding_phone=&#8220;inherit&#8220; column_padding_position=&#8220;all&#8220; column_element_direction_desktop=&#8220;default&#8220; column_element_spacing=&#8220;default&#8220; desktop_text_alignment=&#8220;default&#8220; tablet_text_alignment=&#8220;default&#8220; phone_text_alignment=&#8220;default&#8220; background_color_opacity=&#8220;1&#8243; background_hover_color_opacity=&#8220;1&#8243; column_backdrop_filter=&#8220;none&#8220; column_shadow=&#8220;none&#8220; column_border_radius=&#8220;none&#8220; column_link_target=&#8220;_self&#8220; column_position=&#8220;default&#8220; gradient_direction=&#8220;left_to_right&#8220; overlay_strength=&#8220;0.3&#8243; width=&#8220;1\/2&#8243; tablet_width_inherit=&#8220;default&#8220; animation_type=&#8220;default&#8220; bg_image_animation=&#8220;none&#8220; border_type=&#8220;simple&#8220; column_border_width=&#8220;none&#8220; column_border_style=&#8220;solid&#8220;][vc_column_text]Wenn Sie die Z\u00fcgel lieber selbst in der Hand halten, bietet der Social Media-Flyer eine einfache und unkomplizierte M\u00f6glichkeit, eine crossmediale Kampagne im kleinstm\u00f6glichen Rahmen aufzubauen. Hier gestalten Sie Ihren Flyer wie gewohnt \u2013 das gen\u00fcgt den Social Media-Expertinnen und -Experten von FLYERALARM schon, um eine Facebook- oder Instagram-Kampagne aufzusetzen, die Ihnen zahlreiche G\u00e4ste oder Kundschaft in den Laden sp\u00fclt.[\/vc_column_text][divider line_type=&#8220;No Line&#8220; custom_height=&#8220;15&#8243;][nectar_btn size=&#8220;small&#8220; open_new_tab=&#8220;true&#8220; button_style=&#8220;regular&#8220; button_color_2=&#8220;Accent-Color&#8220; icon_family=&#8220;none&#8220; url=&#8220;https:\/\/www.flyeralarm.com\/de\/shop\/configurator\/index\/id\/7041&#8243; text=&#8220;Mehr \u00fcber Social Media-Flyer erfahren&#8220;][\/vc_column][vc_column column_padding=&#8220;no-extra-padding&#8220; column_padding_tablet=&#8220;inherit&#8220; column_padding_phone=&#8220;inherit&#8220; column_padding_position=&#8220;all&#8220; column_element_direction_desktop=&#8220;default&#8220; column_element_spacing=&#8220;default&#8220; desktop_text_alignment=&#8220;default&#8220; tablet_text_alignment=&#8220;default&#8220; phone_text_alignment=&#8220;default&#8220; background_color_opacity=&#8220;1&#8243; background_hover_color_opacity=&#8220;1&#8243; column_backdrop_filter=&#8220;none&#8220; column_shadow=&#8220;none&#8220; column_border_radius=&#8220;none&#8220; column_link_target=&#8220;_self&#8220; column_position=&#8220;default&#8220; gradient_direction=&#8220;left_to_right&#8220; overlay_strength=&#8220;0.3&#8243; width=&#8220;1\/2&#8243; tablet_width_inherit=&#8220;default&#8220; animation_type=&#8220;default&#8220; bg_image_animation=&#8220;none&#8220; border_type=&#8220;simple&#8220; column_border_width=&#8220;none&#8220; column_border_style=&#8220;solid&#8220;][vc_video link=&#8220;https:\/\/www.youtube.com\/watch?v=7kx1DpAYl68&amp;feature=youtu.be&#8220;][\/vc_column][\/vc_row][vc_row type=&#8220;in_container&#8220; full_screen_row_position=&#8220;middle&#8220; column_margin=&#8220;default&#8220; column_direction=&#8220;default&#8220; column_direction_tablet=&#8220;default&#8220; column_direction_phone=&#8220;default&#8220; scene_position=&#8220;center&#8220; text_color=&#8220;dark&#8220; text_align=&#8220;left&#8220; row_border_radius=&#8220;none&#8220; row_border_radius_applies=&#8220;bg&#8220; overflow=&#8220;visible&#8220; overlay_strength=&#8220;0.3&#8243; gradient_direction=&#8220;left_to_right&#8220; shape_divider_position=&#8220;bottom&#8220; bg_image_animation=&#8220;none&#8220;][vc_column column_padding=&#8220;no-extra-padding&#8220; column_padding_tablet=&#8220;inherit&#8220; column_padding_phone=&#8220;inherit&#8220; column_padding_position=&#8220;all&#8220; column_element_direction_desktop=&#8220;default&#8220; column_element_spacing=&#8220;default&#8220; desktop_text_alignment=&#8220;default&#8220; tablet_text_alignment=&#8220;default&#8220; phone_text_alignment=&#8220;default&#8220; background_color_opacity=&#8220;1&#8243; background_hover_color_opacity=&#8220;1&#8243; column_backdrop_filter=&#8220;none&#8220; column_shadow=&#8220;none&#8220; column_border_radius=&#8220;none&#8220; column_link_target=&#8220;_self&#8220; column_position=&#8220;default&#8220; gradient_direction=&#8220;left_to_right&#8220; overlay_strength=&#8220;0.3&#8243; width=&#8220;1\/1&#8243; tablet_width_inherit=&#8220;default&#8220; animation_type=&#8220;default&#8220; bg_image_animation=&#8220;none&#8220; border_type=&#8220;simple&#8220; column_border_width=&#8220;none&#8220; column_border_style=&#8220;solid&#8220;][vc_column_text]\n<h3>Einheitliche Motive und Farbkonzept<\/h3>\n[\/vc_column_text][\/vc_column][\/vc_row][vc_row type=&#8220;in_container&#8220; full_screen_row_position=&#8220;middle&#8220; column_margin=&#8220;default&#8220; column_direction=&#8220;default&#8220; column_direction_tablet=&#8220;default&#8220; column_direction_phone=&#8220;default&#8220; scene_position=&#8220;center&#8220; text_color=&#8220;dark&#8220; text_align=&#8220;left&#8220; row_border_radius=&#8220;none&#8220; row_border_radius_applies=&#8220;bg&#8220; overflow=&#8220;visible&#8220; overlay_strength=&#8220;0.3&#8243; gradient_direction=&#8220;left_to_right&#8220; shape_divider_position=&#8220;bottom&#8220; bg_image_animation=&#8220;none&#8220;][vc_column column_padding=&#8220;no-extra-padding&#8220; column_padding_tablet=&#8220;inherit&#8220; column_padding_phone=&#8220;inherit&#8220; column_padding_position=&#8220;all&#8220; column_element_direction_desktop=&#8220;default&#8220; column_element_spacing=&#8220;default&#8220; desktop_text_alignment=&#8220;default&#8220; tablet_text_alignment=&#8220;default&#8220; phone_text_alignment=&#8220;default&#8220; background_color_opacity=&#8220;1&#8243; background_hover_color_opacity=&#8220;1&#8243; column_backdrop_filter=&#8220;none&#8220; column_shadow=&#8220;none&#8220; column_border_radius=&#8220;none&#8220; column_link_target=&#8220;_self&#8220; column_position=&#8220;default&#8220; gradient_direction=&#8220;left_to_right&#8220; overlay_strength=&#8220;0.3&#8243; width=&#8220;1\/1&#8243; tablet_width_inherit=&#8220;default&#8220; animation_type=&#8220;default&#8220; bg_image_animation=&#8220;none&#8220; border_type=&#8220;simple&#8220; column_border_width=&#8220;none&#8220; column_border_style=&#8220;solid&#8220;][vc_column_text]Wichtig! Egal f\u00fcr welche Arten der Black-Friday-Werbung Sie sich entscheiden. <strong>Achten Sie darauf, dass sich Motive, Farbkonzept und einpr\u00e4gsame Slogans \u00fcber alle Kan\u00e4le wiederholen<\/strong> \u2013 nur so erreichen Sie den gew\u00fcnschten Erinnerungseffekt bei potenziellen G\u00e4sten oder Kundschaft.<\/p>\n<p>Damit Sie Ihre Black-Friday-Aktionen professionell und ohne gro\u00dfen Aufwand bewerben k\u00f6nnen, bietet Ihnen FLYERALARM ein praktisches <a href=\"https:\/\/www.flyeralarm.com\/de\/t\/branchenwelten\/pos-material-fuer-den-einzelhandel\/werbung-black-friday#q7goP2FogXqcXhlUsXXze\" target=\"_blank\" rel=\"noopener\"><strong>Online-Gestalten-Tool<\/strong><\/a>. Dort finden Sie eine gro\u00dfe Auswahl an kostenlosen Layoutvorlagen speziell zum Black Friday, die Sie direkt anpassen und auf Ihre Angebote zuschneiden k\u00f6nnen. Ob Flyer, Plakate, Banner oder Aufkleber \u2013 Sie gestalten Ihre Werbemittel im Browser, ohne teure Zusatzsoftware.<\/p>\n<p>Und wenn Sie das ganze noch mit einem QR-Code versehen m\u00f6chten, um Ihre Aktion online zu verl\u00e4ngern, nutzen Sie unserem <a href=\"https:\/\/www.flyeralarm.com\/de\/s\/tools\/qr-code-generator\/\" target=\"_blank\" rel=\"noopener\"><strong>kostenlosen QR-Code Generator<\/strong><\/a>. Damit gelingt das Erstellen in wenigen Schritten. Einfach, schnell und druckbar \u2013 probieren Sie es aus![\/vc_column_text][\/vc_column][\/vc_row][vc_row type=&#8220;in_container&#8220; full_screen_row_position=&#8220;middle&#8220; column_margin=&#8220;default&#8220; column_direction=&#8220;default&#8220; column_direction_tablet=&#8220;default&#8220; column_direction_phone=&#8220;default&#8220; scene_position=&#8220;center&#8220; text_color=&#8220;dark&#8220; text_align=&#8220;left&#8220; row_border_radius=&#8220;none&#8220; row_border_radius_applies=&#8220;bg&#8220; overflow=&#8220;visible&#8220; overlay_strength=&#8220;0.3&#8243; gradient_direction=&#8220;left_to_right&#8220; shape_divider_position=&#8220;bottom&#8220; bg_image_animation=&#8220;none&#8220;][vc_column column_padding=&#8220;no-extra-padding&#8220; column_padding_tablet=&#8220;inherit&#8220; column_padding_phone=&#8220;inherit&#8220; column_padding_position=&#8220;all&#8220; column_element_direction_desktop=&#8220;default&#8220; column_element_spacing=&#8220;default&#8220; desktop_text_alignment=&#8220;default&#8220; tablet_text_alignment=&#8220;default&#8220; phone_text_alignment=&#8220;default&#8220; background_color_opacity=&#8220;1&#8243; background_hover_color_opacity=&#8220;1&#8243; column_backdrop_filter=&#8220;none&#8220; column_shadow=&#8220;none&#8220; column_border_radius=&#8220;none&#8220; column_link_target=&#8220;_self&#8220; column_position=&#8220;default&#8220; gradient_direction=&#8220;left_to_right&#8220; overlay_strength=&#8220;0.3&#8243; width=&#8220;1\/1&#8243; tablet_width_inherit=&#8220;default&#8220; animation_type=&#8220;default&#8220; bg_image_animation=&#8220;none&#8220; border_type=&#8220;simple&#8220; column_border_width=&#8220;none&#8220; column_border_style=&#8220;solid&#8220;][vc_column_text]\n<h2 id=\"recht\">Die Rechtslage: Markenrechte am Black Friday gel\u00f6scht<\/h2>\n[\/vc_column_text][\/vc_column][\/vc_row][vc_row type=&#8220;in_container&#8220; full_screen_row_position=&#8220;middle&#8220; column_margin=&#8220;default&#8220; column_direction=&#8220;default&#8220; column_direction_tablet=&#8220;default&#8220; column_direction_phone=&#8220;default&#8220; scene_position=&#8220;center&#8220; text_color=&#8220;dark&#8220; text_align=&#8220;left&#8220; row_border_radius=&#8220;none&#8220; row_border_radius_applies=&#8220;bg&#8220; overflow=&#8220;visible&#8220; overlay_strength=&#8220;0.3&#8243; gradient_direction=&#8220;left_to_right&#8220; shape_divider_position=&#8220;bottom&#8220; bg_image_animation=&#8220;none&#8220;][vc_column column_padding=&#8220;no-extra-padding&#8220; column_padding_tablet=&#8220;inherit&#8220; column_padding_phone=&#8220;inherit&#8220; column_padding_position=&#8220;all&#8220; column_element_direction_desktop=&#8220;default&#8220; column_element_spacing=&#8220;default&#8220; desktop_text_alignment=&#8220;default&#8220; tablet_text_alignment=&#8220;default&#8220; phone_text_alignment=&#8220;default&#8220; background_color_opacity=&#8220;1&#8243; background_hover_color_opacity=&#8220;1&#8243; column_backdrop_filter=&#8220;none&#8220; column_shadow=&#8220;none&#8220; column_border_radius=&#8220;none&#8220; column_link_target=&#8220;_self&#8220; column_position=&#8220;default&#8220; gradient_direction=&#8220;left_to_right&#8220; overlay_strength=&#8220;0.3&#8243; width=&#8220;1\/1&#8243; tablet_width_inherit=&#8220;default&#8220; animation_type=&#8220;default&#8220; bg_image_animation=&#8220;none&#8220; border_type=&#8220;simple&#8220; column_border_width=&#8220;none&#8220; column_border_style=&#8220;solid&#8220;][vc_column_text]\u201eBlack Friday\u201c war lange Zeit als Wortmarke beim Deutschen Patent- und Markenamt eingetragen und durch das Bundespatentgericht als Markenname gesch\u00fctzt. Nach einem langen Rechtsstreit zwischen der aus China stammenden Markeninhaberin sowie dem Onlineportal blackfriday.de und weiterer Parteien, entschied das Bundespatentgericht am 28. Februar 2020 die L\u00f6schung der Wortmarke f\u00fcr die wesentlichen Dienstleistungen des Bereichs \u201eWerbung\u201c. Die Markeninhaberin legte fristgem\u00e4\u00df Rechtsbeschwerde beim Bundesgerichtshof ein. Dieser best\u00e4tigte jedoch am 27. Mai 2021 die Entscheidung des Bundespatentgerichts und erkl\u00e4rte das Urteil damit f\u00fcr rechtskr\u00e4ftig und nicht weiter angefechtbar.<\/p>\n<p><strong>Der Begriff \u201eBlack Friday\u201c wurde damit endg\u00fcltig aus dem Markenregister gel\u00f6scht und darf nun f\u00fcr die Dienstleistungen \u201eMarketing\u201c, \u201eOrganisation und Durchf\u00fchrung von Werbeveranstaltungen\u201c, \u201ePlanung von Werbema\u00dfnahmen\u201c, \u201eVerbreitung von Werbeanzeigen\u201c und \u201eWerbung im Internet f\u00fcr Dritte\u201c sowie f\u00fcr zahlreiche weitere im Zusammenhang mit Werbung stehender Dienstleistungen frei genutzt werden.<\/strong><\/p>\n<p>Dennoch gibt es noch immer Ausnahmen von den Ausnahmen. So geht das Onlineportal blackfriday.de aktuell gegen die Waren und Dienstleistungen vor, die nicht vom Beschluss des Bundespatentgerichts erfasst wurden. Das Thema sollte also trotzallem weiterhin mit Fingerspitzgef\u00fchl behandelt werden. Deshalb sind Sie in jedem Fall auf der sicheren Seite, wenn Sie nach einem alternativen Namen Ausschau halten. Black Week, Cyber Monday, Cyber Week, Schwarze Woche, Colorful Friday, Dark Friday \u2026 Der Kreativit\u00e4t sind keine Grenzen gesetzt.[\/vc_column_text][\/vc_column][\/vc_row]\n","protected":false},"excerpt":{"rendered":"<p>Der Black Friday ist der Startschuss ins Weihnachtsgesch\u00e4ft! Hier gibt\u2019s Tipps und Ideen vom Handelsverband Bayern e.V. f\u00fcr Ihren Erfolg im Bereich Einzelhandel, Gastronomie, Fitnessstudios, Beratung, Dienstleistung und alles dazwischen. <\/p>\n","protected":false},"author":32,"featured_media":123540,"comment_status":"open","ping_status":"closed","sticky":false,"template":"","format":"standard","meta":{"_acf_changed":false,"footnotes":""},"categories":[10],"tags":[219,493,83,9016,1105],"class_list":{"0":"post-9023","1":"post","2":"type-post","3":"status-publish","4":"format-standard","5":"has-post-thumbnail","7":"category-inspiration","8":"tag-gastronomie","9":"tag-handel","10":"tag-marketing","11":"tag-podcast","12":"tag-verein"},"acf":[],"_links":{"self":[{"href":"https:\/\/www.flyeralarm.com\/blog\/de\/wp-json\/wp\/v2\/posts\/9023","targetHints":{"allow":["GET"]}}],"collection":[{"href":"https:\/\/www.flyeralarm.com\/blog\/de\/wp-json\/wp\/v2\/posts"}],"about":[{"href":"https:\/\/www.flyeralarm.com\/blog\/de\/wp-json\/wp\/v2\/types\/post"}],"author":[{"embeddable":true,"href":"https:\/\/www.flyeralarm.com\/blog\/de\/wp-json\/wp\/v2\/users\/32"}],"replies":[{"embeddable":true,"href":"https:\/\/www.flyeralarm.com\/blog\/de\/wp-json\/wp\/v2\/comments?post=9023"}],"version-history":[{"count":53,"href":"https:\/\/www.flyeralarm.com\/blog\/de\/wp-json\/wp\/v2\/posts\/9023\/revisions"}],"predecessor-version":[{"id":134730,"href":"https:\/\/www.flyeralarm.com\/blog\/de\/wp-json\/wp\/v2\/posts\/9023\/revisions\/134730"}],"wp:featuredmedia":[{"embeddable":true,"href":"https:\/\/www.flyeralarm.com\/blog\/de\/wp-json\/wp\/v2\/media\/123540"}],"wp:attachment":[{"href":"https:\/\/www.flyeralarm.com\/blog\/de\/wp-json\/wp\/v2\/media?parent=9023"}],"wp:term":[{"taxonomy":"category","embeddable":true,"href":"https:\/\/www.flyeralarm.com\/blog\/de\/wp-json\/wp\/v2\/categories?post=9023"},{"taxonomy":"post_tag","embeddable":true,"href":"https:\/\/www.flyeralarm.com\/blog\/de\/wp-json\/wp\/v2\/tags?post=9023"}],"curies":[{"name":"wp","href":"https:\/\/api.w.org\/{rel}","templated":true}]}}